{"id":10987,"date":"2026-07-29T14:58:16","date_gmt":"2026-07-29T14:58:16","guid":{"rendered":"https:\/\/isupagro.web.uma.pt\/?p=10987"},"modified":"2026-07-29T14:58:17","modified_gmt":"2026-07-29T14:58:17","slug":"projeto-isup-agro-realiza-visita-tecnica-a-quinta-das-vinhas-para-apresentar-solucoes-de-agricultura-sustentavel-e-gestao-inteligente-da-agua","status":"publish","type":"post","link":"https:\/\/isupagro.web.uma.pt\/pt\/projeto-isup-agro-realiza-visita-tecnica-a-quinta-das-vinhas-para-apresentar-solucoes-de-agricultura-sustentavel-e-gestao-inteligente-da-agua\/","title":{"rendered":"Projeto isUP-AgrO realiza visita t\u00e9cnica \u00e0 Quinta das Vinhas para apresentar solu\u00e7\u00f5es de agricultura sustent\u00e1vel e gest\u00e3o inteligente da \u00e1gua"},"content":{"rendered":"\n<p>No \u00e2mbito da Task 5.8 \u2013 Local Policy Support do projeto europeu isUP-AgrO, realizou-se no dia 22 de julho de 2026 uma visita t\u00e9cnica \u00e0 Quinta das Vinhas, no Estreito da Calheta, parceiro do projeto e uma das explora\u00e7\u00f5es vit\u00edcolas piloto onde decorrem os ensaios do Work Package 6 (WP6).<\/p>\n\n\n\n<p>A iniciativa reuniu representantes da Dire\u00e7\u00e3o Regional de Agricultura, da C\u00e2mara Municipal da Calheta, da ACOESTE, do Instituto do Vinho, do Bordado e do Artesanato da Madeira (IVBAM), da Madeira Wine Company (MWC), bem como agricultores e parceiros do projeto, com o objetivo de dar a conhecer o trabalho de investiga\u00e7\u00e3o que est\u00e1 a ser desenvolvido no terreno e refor\u00e7ar o di\u00e1logo entre a comunidade cient\u00edfica, as entidades p\u00fablicas e o setor vitivin\u00edcola regional.<\/p>\n\n\n\n<p>Durante a visita foram apresentados os ensaios experimentais do WP6, que avaliam o impacto da rega de precis\u00e3o e da ado\u00e7\u00e3o de pr\u00e1ticas agr\u00edcolas mais sustent\u00e1veis na qualidade das uvas, na produtividade e resili\u00eancia da vinha e na biodiversidade dos solos, contribuindo para uma gest\u00e3o mais eficiente dos recursos h\u00eddricos e para a adapta\u00e7\u00e3o da viticultura \u00e0s altera\u00e7\u00f5es clim\u00e1ticas.<\/p>\n\n\n\n<p>Os participantes tiveram igualmente a oportunidade de conhecer o sistema de monitoriza\u00e7\u00e3o agroambiental instalado na explora\u00e7\u00e3o, incluindo os sensores de humidade, temperatura e eletrocondutividade do solo, os sensores de fluxo de seiva, os dendr\u00f3metros e a esta\u00e7\u00e3o meteorol\u00f3gica. Estes equipamentos permitem a monitoriza\u00e7\u00e3o cont\u00ednua das condi\u00e7\u00f5es do solo e do ambiente, bem como da resposta fisiol\u00f3gica da vinha, fornecendo dados essenciais para o desenvolvimento de estrat\u00e9gias de gest\u00e3o inteligente da rega e para a otimiza\u00e7\u00e3o da utiliza\u00e7\u00e3o da \u00e1gua na viticultura regional.<\/p>\n\n\n\n<p>Esta a\u00e7\u00e3o insere-se na Task 5.8 do projeto, dedicada ao apoio \u00e0s pol\u00edticas p\u00fablicas locais, promovendo a partilha de conhecimento cient\u00edfico com entidades envolvidas na defini\u00e7\u00e3o de estrat\u00e9gias agr\u00edcolas e ambientais. O objetivo passa por fomentar medidas que contribuam para uma utiliza\u00e7\u00e3o mais sustent\u00e1vel dos recursos naturais, a valoriza\u00e7\u00e3o de subprodutos agr\u00edcolas e a ado\u00e7\u00e3o de solu\u00e7\u00f5es inovadoras.<\/p>\n\n\n\n<p>Com esta iniciativa, o projeto isUP-AgrO refor\u00e7a o seu compromisso com a transfer\u00eancia de conhecimento, a aproxima\u00e7\u00e3o entre ci\u00eancia e sociedade e o desenvolvimento de solu\u00e7\u00f5es inovadoras para uma agricultura mais sustent\u00e1vel, eficiente e resiliente na Regi\u00e3o Aut\u00f3noma da Madeira.<\/p>\n\n\n\n<div class=\"wp-block-group is-nowrap is-layout-flex wp-container-core-group-is-layout-ad2f72ca wp-block-group-is-layout-flex\">\n<figure class=\"wp-block-image size-large\"><img fetchpriority=\"high\" decoding=\"async\" width=\"768\" height=\"1024\" src=\"https:\/\/isupagro.web.uma.pt\/wp-content\/uploads\/2026\/07\/16-768x1024.jpeg\" alt=\"\" class=\"wp-image-10989\" srcset=\"https:\/\/isupagro.web.uma.pt\/wp-content\/uploads\/2026\/07\/16-768x1024.jpeg 768w, https:\/\/isupagro.web.uma.pt\/wp-content\/uploads\/2026\/07\/16-225x300.jpeg 225w, https:\/\/isupagro.web.uma.pt\/wp-content\/uploads\/2026\/07\/16-1152x1536.jpeg 1152w, https:\/\/isupagro.web.uma.pt\/wp-content\/uploads\/2026\/07\/16-9x12.jpeg 9w, https:\/\/isupagro.web.uma.pt\/wp-content\/uploads\/2026\/07\/16.jpeg 1500w\" sizes=\"(max-width: 768px) 100vw, 768px\" \/><\/figure>\n\n\n\n<figure class=\"wp-block-image size-large\"><img decoding=\"async\" width=\"768\" height=\"1024\" src=\"https:\/\/isupagro.web.uma.pt\/wp-content\/uploads\/2026\/07\/10-768x1024.jpeg\" alt=\"\" class=\"wp-image-10999\" srcset=\"https:\/\/isupagro.web.uma.pt\/wp-content\/uploads\/2026\/07\/10-768x1024.jpeg 768w, https:\/\/isupagro.web.uma.pt\/wp-content\/uploads\/2026\/07\/10-225x300.jpeg 225w, https:\/\/isupagro.web.uma.pt\/wp-content\/uploads\/2026\/07\/10-1152x1536.jpeg 1152w, https:\/\/isupagro.web.uma.pt\/wp-content\/uploads\/2026\/07\/10-9x12.jpeg 9w, https:\/\/isupagro.web.uma.pt\/wp-content\/uploads\/2026\/07\/10.jpeg 1500w\" sizes=\"(max-width: 768px) 100vw, 768px\" \/><\/figure>\n<\/div>\n\n\n\n<div class=\"wp-block-group is-nowrap is-layout-flex wp-container-core-group-is-layout-ad2f72ca wp-block-group-is-layout-flex\">\n<figure class=\"wp-block-image size-large\"><img decoding=\"async\" width=\"768\" height=\"1024\" src=\"https:\/\/isupagro.web.uma.pt\/wp-content\/uploads\/2026\/07\/7-1-768x1024.jpeg\" alt=\"\" class=\"wp-image-10997\" srcset=\"https:\/\/isupagro.web.uma.pt\/wp-content\/uploads\/2026\/07\/7-1-768x1024.jpeg 768w, https:\/\/isupagro.web.uma.pt\/wp-content\/uploads\/2026\/07\/7-1-225x300.jpeg 225w, https:\/\/isupagro.web.uma.pt\/wp-content\/uploads\/2026\/07\/7-1-1152x1536.jpeg 1152w, https:\/\/isupagro.web.uma.pt\/wp-content\/uploads\/2026\/07\/7-1-9x12.jpeg 9w, https:\/\/isupagro.web.uma.pt\/wp-content\/uploads\/2026\/07\/7-1.jpeg 1500w\" sizes=\"(max-width: 768px) 100vw, 768px\" \/><\/figure>\n\n\n\n<figure class=\"wp-block-image size-large\"><img loading=\"lazy\" decoding=\"async\" width=\"768\" height=\"1024\" src=\"https:\/\/isupagro.web.uma.pt\/wp-content\/uploads\/2026\/07\/4-2-768x1024.jpeg\" alt=\"\" class=\"wp-image-10995\" srcset=\"https:\/\/isupagro.web.uma.pt\/wp-content\/uploads\/2026\/07\/4-2-768x1024.jpeg 768w, https:\/\/isupagro.web.uma.pt\/wp-content\/uploads\/2026\/07\/4-2-225x300.jpeg 225w, https:\/\/isupagro.web.uma.pt\/wp-content\/uploads\/2026\/07\/4-2-1152x1536.jpeg 1152w, https:\/\/isupagro.web.uma.pt\/wp-content\/uploads\/2026\/07\/4-2-9x12.jpeg 9w, https:\/\/isupagro.web.uma.pt\/wp-content\/uploads\/2026\/07\/4-2.jpeg 1500w\" sizes=\"(max-width: 768px) 100vw, 768px\" \/><\/figure>\n<\/div>\n\n\n\n<div class=\"wp-block-group is-nowrap is-layout-flex wp-container-core-group-is-layout-ad2f72ca wp-block-group-is-layout-flex\">\n<figure class=\"wp-block-image size-large\"><img loading=\"lazy\" decoding=\"async\" width=\"768\" height=\"1024\" src=\"https:\/\/isupagro.web.uma.pt\/wp-content\/uploads\/2026\/07\/8-2-768x1024.jpeg\" alt=\"\" class=\"wp-image-10998\" srcset=\"https:\/\/isupagro.web.uma.pt\/wp-content\/uploads\/2026\/07\/8-2-768x1024.jpeg 768w, https:\/\/isupagro.web.uma.pt\/wp-content\/uploads\/2026\/07\/8-2-225x300.jpeg 225w, https:\/\/isupagro.web.uma.pt\/wp-content\/uploads\/2026\/07\/8-2-1152x1536.jpeg 1152w, https:\/\/isupagro.web.uma.pt\/wp-content\/uploads\/2026\/07\/8-2-9x12.jpeg 9w, https:\/\/isupagro.web.uma.pt\/wp-content\/uploads\/2026\/07\/8-2.jpeg 1500w\" sizes=\"(max-width: 768px) 100vw, 768px\" \/><\/figure>\n\n\n\n<figure class=\"wp-block-image size-large\"><img loading=\"lazy\" decoding=\"async\" width=\"768\" height=\"1024\" src=\"https:\/\/isupagro.web.uma.pt\/wp-content\/uploads\/2026\/07\/6-1-768x1024.jpeg\" alt=\"\" class=\"wp-image-10996\" srcset=\"https:\/\/isupagro.web.uma.pt\/wp-content\/uploads\/2026\/07\/6-1-768x1024.jpeg 768w, https:\/\/isupagro.web.uma.pt\/wp-content\/uploads\/2026\/07\/6-1-225x300.jpeg 225w, https:\/\/isupagro.web.uma.pt\/wp-content\/uploads\/2026\/07\/6-1-1152x1536.jpeg 1152w, https:\/\/isupagro.web.uma.pt\/wp-content\/uploads\/2026\/07\/6-1-9x12.jpeg 9w, https:\/\/isupagro.web.uma.pt\/wp-content\/uploads\/2026\/07\/6-1.jpeg 1500w\" sizes=\"(max-width: 768px) 100vw, 768px\" \/><\/figure>\n<\/div>\n\n\n\n<div class=\"wp-block-group is-nowrap is-layout-flex wp-container-core-group-is-layout-ad2f72ca wp-block-group-is-layout-flex\">\n<figure class=\"wp-block-image size-large\"><img loading=\"lazy\" decoding=\"async\" width=\"768\" height=\"1024\" src=\"https:\/\/isupagro.web.uma.pt\/wp-content\/uploads\/2026\/07\/2-2-768x1024.jpeg\" alt=\"\" class=\"wp-image-10994\" srcset=\"https:\/\/isupagro.web.uma.pt\/wp-content\/uploads\/2026\/07\/2-2-768x1024.jpeg 768w, https:\/\/isupagro.web.uma.pt\/wp-content\/uploads\/2026\/07\/2-2-225x300.jpeg 225w, https:\/\/isupagro.web.uma.pt\/wp-content\/uploads\/2026\/07\/2-2-1152x1536.jpeg 1152w, https:\/\/isupagro.web.uma.pt\/wp-content\/uploads\/2026\/07\/2-2-9x12.jpeg 9w, https:\/\/isupagro.web.uma.pt\/wp-content\/uploads\/2026\/07\/2-2.jpeg 1500w\" sizes=\"(max-width: 768px) 100vw, 768px\" \/><\/figure>\n\n\n\n<figure class=\"wp-block-image size-large\"><img loading=\"lazy\" decoding=\"async\" width=\"768\" height=\"1024\" src=\"https:\/\/isupagro.web.uma.pt\/wp-content\/uploads\/2026\/07\/WhatsApp-Image-2026-07-29-at-15.48.54-768x1024.jpeg\" alt=\"\" class=\"wp-image-10993\" srcset=\"https:\/\/isupagro.web.uma.pt\/wp-content\/uploads\/2026\/07\/WhatsApp-Image-2026-07-29-at-15.48.54-768x1024.jpeg 768w, https:\/\/isupagro.web.uma.pt\/wp-content\/uploads\/2026\/07\/WhatsApp-Image-2026-07-29-at-15.48.54-225x300.jpeg 225w, https:\/\/isupagro.web.uma.pt\/wp-content\/uploads\/2026\/07\/WhatsApp-Image-2026-07-29-at-15.48.54-1152x1536.jpeg 1152w, https:\/\/isupagro.web.uma.pt\/wp-content\/uploads\/2026\/07\/WhatsApp-Image-2026-07-29-at-15.48.54-9x12.jpeg 9w, https:\/\/isupagro.web.uma.pt\/wp-content\/uploads\/2026\/07\/WhatsApp-Image-2026-07-29-at-15.48.54.jpeg 1200w\" sizes=\"(max-width: 768px) 100vw, 768px\" \/><\/figure>\n<\/div>\n\n\n\n<div class=\"wp-block-group is-nowrap is-layout-flex wp-container-core-group-is-layout-ad2f72ca wp-block-group-is-layout-flex\">\n<figure class=\"wp-block-image size-large\"><img loading=\"lazy\" decoding=\"async\" width=\"768\" height=\"1024\" src=\"https:\/\/isupagro.web.uma.pt\/wp-content\/uploads\/2026\/07\/18-768x1024.jpeg\" alt=\"\" class=\"wp-image-10990\" srcset=\"https:\/\/isupagro.web.uma.pt\/wp-content\/uploads\/2026\/07\/18-768x1024.jpeg 768w, https:\/\/isupagro.web.uma.pt\/wp-content\/uploads\/2026\/07\/18-225x300.jpeg 225w, https:\/\/isupagro.web.uma.pt\/wp-content\/uploads\/2026\/07\/18-1152x1536.jpeg 1152w, https:\/\/isupagro.web.uma.pt\/wp-content\/uploads\/2026\/07\/18-9x12.jpeg 9w, https:\/\/isupagro.web.uma.pt\/wp-content\/uploads\/2026\/07\/18.jpeg 1500w\" sizes=\"(max-width: 768px) 100vw, 768px\" \/><\/figure>\n\n\n\n<figure class=\"wp-block-image size-large\"><img loading=\"lazy\" decoding=\"async\" width=\"768\" height=\"1024\" src=\"https:\/\/isupagro.web.uma.pt\/wp-content\/uploads\/2026\/07\/14-768x1024.jpeg\" alt=\"\" class=\"wp-image-10988\" srcset=\"https:\/\/isupagro.web.uma.pt\/wp-content\/uploads\/2026\/07\/14-768x1024.jpeg 768w, https:\/\/isupagro.web.uma.pt\/wp-content\/uploads\/2026\/07\/14-225x300.jpeg 225w, https:\/\/isupagro.web.uma.pt\/wp-content\/uploads\/2026\/07\/14-1152x1536.jpeg 1152w, https:\/\/isupagro.web.uma.pt\/wp-content\/uploads\/2026\/07\/14-9x12.jpeg 9w, https:\/\/isupagro.web.uma.pt\/wp-content\/uploads\/2026\/07\/14.jpeg 1500w\" sizes=\"(max-width: 768px) 100vw, 768px\" \/><\/figure>\n<\/div>\n\n\n\n<figure class=\"wp-block-image size-full\"><img loading=\"lazy\" decoding=\"async\" width=\"690\" height=\"691\" src=\"https:\/\/isupagro.web.uma.pt\/wp-content\/uploads\/2026\/07\/WhatsApp-Image-2026-07-21-at-11.06.01.jpeg\" alt=\"\" class=\"wp-image-10992\" srcset=\"https:\/\/isupagro.web.uma.pt\/wp-content\/uploads\/2026\/07\/WhatsApp-Image-2026-07-21-at-11.06.01.jpeg 690w, https:\/\/isupagro.web.uma.pt\/wp-content\/uploads\/2026\/07\/WhatsApp-Image-2026-07-21-at-11.06.01-300x300.jpeg 300w, https:\/\/isupagro.web.uma.pt\/wp-content\/uploads\/2026\/07\/WhatsApp-Image-2026-07-21-at-11.06.01-150x150.jpeg 150w, https:\/\/isupagro.web.uma.pt\/wp-content\/uploads\/2026\/07\/WhatsApp-Image-2026-07-21-at-11.06.01-12x12.jpeg 12w, https:\/\/isupagro.web.uma.pt\/wp-content\/uploads\/2026\/07\/WhatsApp-Image-2026-07-21-at-11.06.01-450x450.jpeg 450w, https:\/\/isupagro.web.uma.pt\/wp-content\/uploads\/2026\/07\/WhatsApp-Image-2026-07-21-at-11.06.01-106x106.jpeg 106w, https:\/\/isupagro.web.uma.pt\/wp-content\/uploads\/2026\/07\/WhatsApp-Image-2026-07-21-at-11.06.01-560x560.jpeg 560w, https:\/\/isupagro.web.uma.pt\/wp-content\/uploads\/2026\/07\/WhatsApp-Image-2026-07-21-at-11.06.01-80x80.jpeg 80w\" sizes=\"(max-width: 690px) 100vw, 690px\" \/><\/figure>\n","protected":false},"excerpt":{"rendered":"<p>No \u00e2mbito da Task 5.8 \u2013 Local Policy Support do projeto europeu isUP-AgrO, realizou-se no dia 22 de julho de 2026 uma visita t\u00e9cnica \u00e0 Quinta das Vinhas, no Estreito da Calheta, parceiro do projeto e uma das explora\u00e7\u00f5es vit\u00edcolas piloto onde decorrem os ensaios do Work Package 6 (WP6). A iniciativa reuniu representantes da [&hellip;]<\/p>\n","protected":false},"author":3,"featured_media":10991,"comment_status":"closed","ping_status":"closed","sticky":false,"template":"","format":"standard","meta":{"footnotes":""},"categories":[32,37,35],"tags":[],"class_list":["post-10987","post","type-post","status-publish","format-standard","has-post-thumbnail","hentry","category-atividades","category-comunicacoes-e-disseminacao","category-formacoes-e-workshops-internacionais"],"yoast_head":"<!-- This site is optimized with the Yoast SEO plugin v27.2 - https:\/\/yoast.com\/product\/yoast-seo-wordpress\/ -->\n<title>Projeto isUP-AgrO realiza visita t\u00e9cnica \u00e0 Quinta das Vinhas para apresentar solu\u00e7\u00f5es de agricultura sustent\u00e1vel e gest\u00e3o inteligente da \u00e1gua - isUP_Agro<\/title>\n<meta name=\"robots\" content=\"index, follow, max-snippet:-1, max-image-preview:large, max-video-preview:-1\" \/>\n<link rel=\"canonical\" href=\"https:\/\/isupagro.web.uma.pt\/pt\/projeto-isup-agro-realiza-visita-tecnica-a-quinta-das-vinhas-para-apresentar-solucoes-de-agricultura-sustentavel-e-gestao-inteligente-da-agua\/\" \/>\n<meta property=\"og:locale\" content=\"pt_PT\" \/>\n<meta property=\"og:type\" content=\"article\" \/>\n<meta property=\"og:title\" content=\"Projeto isUP-AgrO realiza visita t\u00e9cnica \u00e0 Quinta das Vinhas para apresentar solu\u00e7\u00f5es de agricultura sustent\u00e1vel e gest\u00e3o inteligente da \u00e1gua - isUP_Agro\" \/>\n<meta property=\"og:description\" content=\"No \u00e2mbito da Task 5.8 \u2013 Local Policy Support do projeto europeu isUP-AgrO, realizou-se no dia 22 de julho de 2026 uma visita t\u00e9cnica \u00e0 Quinta das Vinhas, no Estreito da Calheta, parceiro do projeto e uma das explora\u00e7\u00f5es vit\u00edcolas piloto onde decorrem os ensaios do Work Package 6 (WP6). A iniciativa reuniu representantes da [&hellip;]\" \/>\n<meta property=\"og:url\" content=\"https:\/\/isupagro.web.uma.pt\/pt\/projeto-isup-agro-realiza-visita-tecnica-a-quinta-das-vinhas-para-apresentar-solucoes-de-agricultura-sustentavel-e-gestao-inteligente-da-agua\/\" \/>\n<meta property=\"og:site_name\" content=\"isUP_Agro\" \/>\n<meta property=\"article:published_time\" content=\"2026-07-29T14:58:16+00:00\" \/>\n<meta property=\"article:modified_time\" content=\"2026-07-29T14:58:17+00:00\" \/>\n<meta property=\"og:image\" content=\"https:\/\/isupagro.web.uma.pt\/wp-content\/uploads\/2026\/07\/Destaque-1.jpeg\" \/>\n\t<meta property=\"og:image:width\" content=\"1200\" \/>\n\t<meta property=\"og:image:height\" content=\"1051\" \/>\n\t<meta property=\"og:image:type\" content=\"image\/jpeg\" \/>\n<meta name=\"author\" content=\"isupagro\" \/>\n<meta name=\"twitter:card\" content=\"summary_large_image\" \/>\n<meta name=\"twitter:label1\" content=\"Escrito por\" \/>\n\t<meta name=\"twitter:data1\" content=\"isupagro\" \/>\n\t<meta name=\"twitter:label2\" content=\"Tempo estimado de leitura\" \/>\n\t<meta name=\"twitter:data2\" content=\"5 minutos\" \/>\n<script type=\"application\/ld+json\" class=\"yoast-schema-graph\">{\"@context\":\"https:\/\/schema.org\",\"@graph\":[{\"@type\":\"Article\",\"@id\":\"https:\/\/isupagro.web.uma.pt\/projeto-isup-agro-realiza-visita-tecnica-a-quinta-das-vinhas-para-apresentar-solucoes-de-agricultura-sustentavel-e-gestao-inteligente-da-agua\/#article\",\"isPartOf\":{\"@id\":\"https:\/\/isupagro.web.uma.pt\/projeto-isup-agro-realiza-visita-tecnica-a-quinta-das-vinhas-para-apresentar-solucoes-de-agricultura-sustentavel-e-gestao-inteligente-da-agua\/\"},\"author\":{\"name\":\"isupagro\",\"@id\":\"https:\/\/isupagro.web.uma.pt\/pt\/#\/schema\/person\/b816290fc350bc85f669eb8e3b3c86d6\"},\"headline\":\"Projeto isUP-AgrO realiza visita t\u00e9cnica \u00e0 Quinta das Vinhas para apresentar solu\u00e7\u00f5es de agricultura sustent\u00e1vel e gest\u00e3o inteligente da \u00e1gua\",\"datePublished\":\"2026-07-29T14:58:16+00:00\",\"dateModified\":\"2026-07-29T14:58:17+00:00\",\"mainEntityOfPage\":{\"@id\":\"https:\/\/isupagro.web.uma.pt\/projeto-isup-agro-realiza-visita-tecnica-a-quinta-das-vinhas-para-apresentar-solucoes-de-agricultura-sustentavel-e-gestao-inteligente-da-agua\/\"},\"wordCount\":435,\"publisher\":{\"@id\":\"https:\/\/isupagro.web.uma.pt\/pt\/#organization\"},\"image\":{\"@id\":\"https:\/\/isupagro.web.uma.pt\/projeto-isup-agro-realiza-visita-tecnica-a-quinta-das-vinhas-para-apresentar-solucoes-de-agricultura-sustentavel-e-gestao-inteligente-da-agua\/#primaryimage\"},\"thumbnailUrl\":\"https:\/\/isupagro.web.uma.pt\/wp-content\/uploads\/2026\/07\/Destaque-1.jpeg\",\"articleSection\":[\"Atividades\",\"Comunica\u00e7\u00f5es e Dissemina\u00e7\u00e3o\",\"Forma\u00e7\u00f5es e Workshops Internacionais\"],\"inLanguage\":\"pt-PT\"},{\"@type\":\"WebPage\",\"@id\":\"https:\/\/isupagro.web.uma.pt\/projeto-isup-agro-realiza-visita-tecnica-a-quinta-das-vinhas-para-apresentar-solucoes-de-agricultura-sustentavel-e-gestao-inteligente-da-agua\/\",\"url\":\"https:\/\/isupagro.web.uma.pt\/projeto-isup-agro-realiza-visita-tecnica-a-quinta-das-vinhas-para-apresentar-solucoes-de-agricultura-sustentavel-e-gestao-inteligente-da-agua\/\",\"name\":\"Projeto isUP-AgrO realiza visita t\u00e9cnica \u00e0 Quinta das Vinhas para apresentar solu\u00e7\u00f5es de agricultura sustent\u00e1vel e gest\u00e3o inteligente da \u00e1gua - isUP_Agro\",\"isPartOf\":{\"@id\":\"https:\/\/isupagro.web.uma.pt\/pt\/#website\"},\"primaryImageOfPage\":{\"@id\":\"https:\/\/isupagro.web.uma.pt\/projeto-isup-agro-realiza-visita-tecnica-a-quinta-das-vinhas-para-apresentar-solucoes-de-agricultura-sustentavel-e-gestao-inteligente-da-agua\/#primaryimage\"},\"image\":{\"@id\":\"https:\/\/isupagro.web.uma.pt\/projeto-isup-agro-realiza-visita-tecnica-a-quinta-das-vinhas-para-apresentar-solucoes-de-agricultura-sustentavel-e-gestao-inteligente-da-agua\/#primaryimage\"},\"thumbnailUrl\":\"https:\/\/isupagro.web.uma.pt\/wp-content\/uploads\/2026\/07\/Destaque-1.jpeg\",\"datePublished\":\"2026-07-29T14:58:16+00:00\",\"dateModified\":\"2026-07-29T14:58:17+00:00\",\"breadcrumb\":{\"@id\":\"https:\/\/isupagro.web.uma.pt\/projeto-isup-agro-realiza-visita-tecnica-a-quinta-das-vinhas-para-apresentar-solucoes-de-agricultura-sustentavel-e-gestao-inteligente-da-agua\/#breadcrumb\"},\"inLanguage\":\"pt-PT\",\"potentialAction\":[{\"@type\":\"ReadAction\",\"target\":[\"https:\/\/isupagro.web.uma.pt\/projeto-isup-agro-realiza-visita-tecnica-a-quinta-das-vinhas-para-apresentar-solucoes-de-agricultura-sustentavel-e-gestao-inteligente-da-agua\/\"]}]},{\"@type\":\"ImageObject\",\"inLanguage\":\"pt-PT\",\"@id\":\"https:\/\/isupagro.web.uma.pt\/projeto-isup-agro-realiza-visita-tecnica-a-quinta-das-vinhas-para-apresentar-solucoes-de-agricultura-sustentavel-e-gestao-inteligente-da-agua\/#primaryimage\",\"url\":\"https:\/\/isupagro.web.uma.pt\/wp-content\/uploads\/2026\/07\/Destaque-1.jpeg\",\"contentUrl\":\"https:\/\/isupagro.web.uma.pt\/wp-content\/uploads\/2026\/07\/Destaque-1.jpeg\",\"width\":1200,\"height\":1051},{\"@type\":\"BreadcrumbList\",\"@id\":\"https:\/\/isupagro.web.uma.pt\/projeto-isup-agro-realiza-visita-tecnica-a-quinta-das-vinhas-para-apresentar-solucoes-de-agricultura-sustentavel-e-gestao-inteligente-da-agua\/#breadcrumb\",\"itemListElement\":[{\"@type\":\"ListItem\",\"position\":1,\"name\":\"In\u00edcio\",\"item\":\"https:\/\/isupagro.web.uma.pt\/\"},{\"@type\":\"ListItem\",\"position\":2,\"name\":\"Projeto isUP-AgrO realiza visita t\u00e9cnica \u00e0 Quinta das Vinhas para apresentar solu\u00e7\u00f5es de agricultura sustent\u00e1vel e gest\u00e3o inteligente da \u00e1gua\"}]},{\"@type\":\"WebSite\",\"@id\":\"https:\/\/isupagro.web.uma.pt\/pt\/#website\",\"url\":\"https:\/\/isupagro.web.uma.pt\/pt\/\",\"name\":\"isUP_Agro\",\"description\":\"\",\"publisher\":{\"@id\":\"https:\/\/isupagro.web.uma.pt\/pt\/#organization\"},\"potentialAction\":[{\"@type\":\"SearchAction\",\"target\":{\"@type\":\"EntryPoint\",\"urlTemplate\":\"https:\/\/isupagro.web.uma.pt\/pt\/?s={search_term_string}\"},\"query-input\":{\"@type\":\"PropertyValueSpecification\",\"valueRequired\":true,\"valueName\":\"search_term_string\"}}],\"inLanguage\":\"pt-PT\"},{\"@type\":\"Organization\",\"@id\":\"https:\/\/isupagro.web.uma.pt\/pt\/#organization\",\"name\":\"isUP_Agro\",\"url\":\"https:\/\/isupagro.web.uma.pt\/pt\/\",\"logo\":{\"@type\":\"ImageObject\",\"inLanguage\":\"pt-PT\",\"@id\":\"https:\/\/isupagro.web.uma.pt\/pt\/#\/schema\/logo\/image\/\",\"url\":\"https:\/\/isupagro.web.uma.pt\/wp-content\/uploads\/2024\/10\/cropped-isUP-AgrO-v1.png\",\"contentUrl\":\"https:\/\/isupagro.web.uma.pt\/wp-content\/uploads\/2024\/10\/cropped-isUP-AgrO-v1.png\",\"width\":1000,\"height\":249,\"caption\":\"isUP_Agro\"},\"image\":{\"@id\":\"https:\/\/isupagro.web.uma.pt\/pt\/#\/schema\/logo\/image\/\"},\"sameAs\":[\"https:\/\/pt.linkedin.com\/showcase\/isup-agro\/\"]},{\"@type\":\"Person\",\"@id\":\"https:\/\/isupagro.web.uma.pt\/pt\/#\/schema\/person\/b816290fc350bc85f669eb8e3b3c86d6\",\"name\":\"isupagro\",\"image\":{\"@type\":\"ImageObject\",\"inLanguage\":\"pt-PT\",\"@id\":\"https:\/\/secure.gravatar.com\/avatar\/124a2b392d9f930b57bc29837defb2cbe5c53b7656d6849d1f6a7da307d075f8?s=96&d=mm&r=g\",\"url\":\"https:\/\/secure.gravatar.com\/avatar\/124a2b392d9f930b57bc29837defb2cbe5c53b7656d6849d1f6a7da307d075f8?s=96&d=mm&r=g\",\"contentUrl\":\"https:\/\/secure.gravatar.com\/avatar\/124a2b392d9f930b57bc29837defb2cbe5c53b7656d6849d1f6a7da307d075f8?s=96&d=mm&r=g\",\"caption\":\"isupagro\"},\"url\":\"https:\/\/isupagro.web.uma.pt\/pt\/author\/isupagro\/\"}]}<\/script>\n<!-- \/ Yoast SEO plugin. -->","yoast_head_json":{"title":"Projeto isUP-AgrO realiza visita t\u00e9cnica \u00e0 Quinta das Vinhas para apresentar solu\u00e7\u00f5es de agricultura sustent\u00e1vel e gest\u00e3o inteligente da \u00e1gua - isUP_Agro","robots":{"index":"index","follow":"follow","max-snippet":"max-snippet:-1","max-image-preview":"max-image-preview:large","max-video-preview":"max-video-preview:-1"},"canonical":"https:\/\/isupagro.web.uma.pt\/pt\/projeto-isup-agro-realiza-visita-tecnica-a-quinta-das-vinhas-para-apresentar-solucoes-de-agricultura-sustentavel-e-gestao-inteligente-da-agua\/","og_locale":"pt_PT","og_type":"article","og_title":"Projeto isUP-AgrO realiza visita t\u00e9cnica \u00e0 Quinta das Vinhas para apresentar solu\u00e7\u00f5es de agricultura sustent\u00e1vel e gest\u00e3o inteligente da \u00e1gua - isUP_Agro","og_description":"No \u00e2mbito da Task 5.8 \u2013 Local Policy Support do projeto europeu isUP-AgrO, realizou-se no dia 22 de julho de 2026 uma visita t\u00e9cnica \u00e0 Quinta das Vinhas, no Estreito da Calheta, parceiro do projeto e uma das explora\u00e7\u00f5es vit\u00edcolas piloto onde decorrem os ensaios do Work Package 6 (WP6). A iniciativa reuniu representantes da [&hellip;]","og_url":"https:\/\/isupagro.web.uma.pt\/pt\/projeto-isup-agro-realiza-visita-tecnica-a-quinta-das-vinhas-para-apresentar-solucoes-de-agricultura-sustentavel-e-gestao-inteligente-da-agua\/","og_site_name":"isUP_Agro","article_published_time":"2026-07-29T14:58:16+00:00","article_modified_time":"2026-07-29T14:58:17+00:00","og_image":[{"width":1200,"height":1051,"url":"https:\/\/isupagro.web.uma.pt\/wp-content\/uploads\/2026\/07\/Destaque-1.jpeg","type":"image\/jpeg"}],"author":"isupagro","twitter_card":"summary_large_image","twitter_misc":{"Escrito por":"isupagro","Tempo estimado de leitura":"5 minutos"},"schema":{"@context":"https:\/\/schema.org","@graph":[{"@type":"Article","@id":"https:\/\/isupagro.web.uma.pt\/projeto-isup-agro-realiza-visita-tecnica-a-quinta-das-vinhas-para-apresentar-solucoes-de-agricultura-sustentavel-e-gestao-inteligente-da-agua\/#article","isPartOf":{"@id":"https:\/\/isupagro.web.uma.pt\/projeto-isup-agro-realiza-visita-tecnica-a-quinta-das-vinhas-para-apresentar-solucoes-de-agricultura-sustentavel-e-gestao-inteligente-da-agua\/"},"author":{"name":"isupagro","@id":"https:\/\/isupagro.web.uma.pt\/pt\/#\/schema\/person\/b816290fc350bc85f669eb8e3b3c86d6"},"headline":"Projeto isUP-AgrO realiza visita t\u00e9cnica \u00e0 Quinta das Vinhas para apresentar solu\u00e7\u00f5es de agricultura sustent\u00e1vel e gest\u00e3o inteligente da \u00e1gua","datePublished":"2026-07-29T14:58:16+00:00","dateModified":"2026-07-29T14:58:17+00:00","mainEntityOfPage":{"@id":"https:\/\/isupagro.web.uma.pt\/projeto-isup-agro-realiza-visita-tecnica-a-quinta-das-vinhas-para-apresentar-solucoes-de-agricultura-sustentavel-e-gestao-inteligente-da-agua\/"},"wordCount":435,"publisher":{"@id":"https:\/\/isupagro.web.uma.pt\/pt\/#organization"},"image":{"@id":"https:\/\/isupagro.web.uma.pt\/projeto-isup-agro-realiza-visita-tecnica-a-quinta-das-vinhas-para-apresentar-solucoes-de-agricultura-sustentavel-e-gestao-inteligente-da-agua\/#primaryimage"},"thumbnailUrl":"https:\/\/isupagro.web.uma.pt\/wp-content\/uploads\/2026\/07\/Destaque-1.jpeg","articleSection":["Atividades","Comunica\u00e7\u00f5es e Dissemina\u00e7\u00e3o","Forma\u00e7\u00f5es e Workshops Internacionais"],"inLanguage":"pt-PT"},{"@type":"WebPage","@id":"https:\/\/isupagro.web.uma.pt\/projeto-isup-agro-realiza-visita-tecnica-a-quinta-das-vinhas-para-apresentar-solucoes-de-agricultura-sustentavel-e-gestao-inteligente-da-agua\/","url":"https:\/\/isupagro.web.uma.pt\/projeto-isup-agro-realiza-visita-tecnica-a-quinta-das-vinhas-para-apresentar-solucoes-de-agricultura-sustentavel-e-gestao-inteligente-da-agua\/","name":"Projeto isUP-AgrO realiza visita t\u00e9cnica \u00e0 Quinta das Vinhas para apresentar solu\u00e7\u00f5es de agricultura sustent\u00e1vel e gest\u00e3o inteligente da \u00e1gua - isUP_Agro","isPartOf":{"@id":"https:\/\/isupagro.web.uma.pt\/pt\/#website"},"primaryImageOfPage":{"@id":"https:\/\/isupagro.web.uma.pt\/projeto-isup-agro-realiza-visita-tecnica-a-quinta-das-vinhas-para-apresentar-solucoes-de-agricultura-sustentavel-e-gestao-inteligente-da-agua\/#primaryimage"},"image":{"@id":"https:\/\/isupagro.web.uma.pt\/projeto-isup-agro-realiza-visita-tecnica-a-quinta-das-vinhas-para-apresentar-solucoes-de-agricultura-sustentavel-e-gestao-inteligente-da-agua\/#primaryimage"},"thumbnailUrl":"https:\/\/isupagro.web.uma.pt\/wp-content\/uploads\/2026\/07\/Destaque-1.jpeg","datePublished":"2026-07-29T14:58:16+00:00","dateModified":"2026-07-29T14:58:17+00:00","breadcrumb":{"@id":"https:\/\/isupagro.web.uma.pt\/projeto-isup-agro-realiza-visita-tecnica-a-quinta-das-vinhas-para-apresentar-solucoes-de-agricultura-sustentavel-e-gestao-inteligente-da-agua\/#breadcrumb"},"inLanguage":"pt-PT","potentialAction":[{"@type":"ReadAction","target":["https:\/\/isupagro.web.uma.pt\/projeto-isup-agro-realiza-visita-tecnica-a-quinta-das-vinhas-para-apresentar-solucoes-de-agricultura-sustentavel-e-gestao-inteligente-da-agua\/"]}]},{"@type":"ImageObject","inLanguage":"pt-PT","@id":"https:\/\/isupagro.web.uma.pt\/projeto-isup-agro-realiza-visita-tecnica-a-quinta-das-vinhas-para-apresentar-solucoes-de-agricultura-sustentavel-e-gestao-inteligente-da-agua\/#primaryimage","url":"https:\/\/isupagro.web.uma.pt\/wp-content\/uploads\/2026\/07\/Destaque-1.jpeg","contentUrl":"https:\/\/isupagro.web.uma.pt\/wp-content\/uploads\/2026\/07\/Destaque-1.jpeg","width":1200,"height":1051},{"@type":"BreadcrumbList","@id":"https:\/\/isupagro.web.uma.pt\/projeto-isup-agro-realiza-visita-tecnica-a-quinta-das-vinhas-para-apresentar-solucoes-de-agricultura-sustentavel-e-gestao-inteligente-da-agua\/#breadcrumb","itemListElement":[{"@type":"ListItem","position":1,"name":"In\u00edcio","item":"https:\/\/isupagro.web.uma.pt\/"},{"@type":"ListItem","position":2,"name":"Projeto isUP-AgrO realiza visita t\u00e9cnica \u00e0 Quinta das Vinhas para apresentar solu\u00e7\u00f5es de agricultura sustent\u00e1vel e gest\u00e3o inteligente da \u00e1gua"}]},{"@type":"WebSite","@id":"https:\/\/isupagro.web.uma.pt\/pt\/#website","url":"https:\/\/isupagro.web.uma.pt\/pt\/","name":"isUP_Agro","description":"","publisher":{"@id":"https:\/\/isupagro.web.uma.pt\/pt\/#organization"},"potentialAction":[{"@type":"SearchAction","target":{"@type":"EntryPoint","urlTemplate":"https:\/\/isupagro.web.uma.pt\/pt\/?s={search_term_string}"},"query-input":{"@type":"PropertyValueSpecification","valueRequired":true,"valueName":"search_term_string"}}],"inLanguage":"pt-PT"},{"@type":"Organization","@id":"https:\/\/isupagro.web.uma.pt\/pt\/#organization","name":"isUP_Agro","url":"https:\/\/isupagro.web.uma.pt\/pt\/","logo":{"@type":"ImageObject","inLanguage":"pt-PT","@id":"https:\/\/isupagro.web.uma.pt\/pt\/#\/schema\/logo\/image\/","url":"https:\/\/isupagro.web.uma.pt\/wp-content\/uploads\/2024\/10\/cropped-isUP-AgrO-v1.png","contentUrl":"https:\/\/isupagro.web.uma.pt\/wp-content\/uploads\/2024\/10\/cropped-isUP-AgrO-v1.png","width":1000,"height":249,"caption":"isUP_Agro"},"image":{"@id":"https:\/\/isupagro.web.uma.pt\/pt\/#\/schema\/logo\/image\/"},"sameAs":["https:\/\/pt.linkedin.com\/showcase\/isup-agro\/"]},{"@type":"Person","@id":"https:\/\/isupagro.web.uma.pt\/pt\/#\/schema\/person\/b816290fc350bc85f669eb8e3b3c86d6","name":"isupagro","image":{"@type":"ImageObject","inLanguage":"pt-PT","@id":"https:\/\/secure.gravatar.com\/avatar\/124a2b392d9f930b57bc29837defb2cbe5c53b7656d6849d1f6a7da307d075f8?s=96&d=mm&r=g","url":"https:\/\/secure.gravatar.com\/avatar\/124a2b392d9f930b57bc29837defb2cbe5c53b7656d6849d1f6a7da307d075f8?s=96&d=mm&r=g","contentUrl":"https:\/\/secure.gravatar.com\/avatar\/124a2b392d9f930b57bc29837defb2cbe5c53b7656d6849d1f6a7da307d075f8?s=96&d=mm&r=g","caption":"isupagro"},"url":"https:\/\/isupagro.web.uma.pt\/pt\/author\/isupagro\/"}]}},"_links":{"self":[{"href":"https:\/\/isupagro.web.uma.pt\/pt\/wp-json\/wp\/v2\/posts\/10987","targetHints":{"allow":["GET"]}}],"collection":[{"href":"https:\/\/isupagro.web.uma.pt\/pt\/wp-json\/wp\/v2\/posts"}],"about":[{"href":"https:\/\/isupagro.web.uma.pt\/pt\/wp-json\/wp\/v2\/types\/post"}],"author":[{"embeddable":true,"href":"https:\/\/isupagro.web.uma.pt\/pt\/wp-json\/wp\/v2\/users\/3"}],"replies":[{"embeddable":true,"href":"https:\/\/isupagro.web.uma.pt\/pt\/wp-json\/wp\/v2\/comments?post=10987"}],"version-history":[{"count":2,"href":"https:\/\/isupagro.web.uma.pt\/pt\/wp-json\/wp\/v2\/posts\/10987\/revisions"}],"predecessor-version":[{"id":11001,"href":"https:\/\/isupagro.web.uma.pt\/pt\/wp-json\/wp\/v2\/posts\/10987\/revisions\/11001"}],"wp:featuredmedia":[{"embeddable":true,"href":"https:\/\/isupagro.web.uma.pt\/pt\/wp-json\/wp\/v2\/media\/10991"}],"wp:attachment":[{"href":"https:\/\/isupagro.web.uma.pt\/pt\/wp-json\/wp\/v2\/media?parent=10987"}],"wp:term":[{"taxonomy":"category","embeddable":true,"href":"https:\/\/isupagro.web.uma.pt\/pt\/wp-json\/wp\/v2\/categories?post=10987"},{"taxonomy":"post_tag","embeddable":true,"href":"https:\/\/isupagro.web.uma.pt\/pt\/wp-json\/wp\/v2\/tags?post=10987"}],"curies":[{"name":"wp","href":"https:\/\/api.w.org\/{rel}","templated":true}]}}