{"id":10962,"date":"2026-07-20T10:35:27","date_gmt":"2026-07-20T10:35:27","guid":{"rendered":"https:\/\/isupagro.web.uma.pt\/?p=10962"},"modified":"2026-07-20T10:35:28","modified_gmt":"2026-07-20T10:35:28","slug":"projeto-isup-agro-participa-na-69-a-feira-agropecuaria-da-madeira","status":"publish","type":"post","link":"https:\/\/isupagro.web.uma.pt\/pt\/projeto-isup-agro-participa-na-69-a-feira-agropecuaria-da-madeira\/","title":{"rendered":"Projeto isUP-AgrO participa na 69.\u00aa Feira Agropecu\u00e1ria da Madeira"},"content":{"rendered":"\n<p>O projeto isUP-AgrO participou na 69.\u00aa Feira Agropecu\u00e1ria da Madeira, realizada nos dias 17, 18 e 19 de julho de 2026, na Santa do Porto Moniz, concelho do Porto Moniz, um dos principais eventos de promo\u00e7\u00e3o do setor agropecu\u00e1rio da Regi\u00e3o Aut\u00f3noma da Madeira.<\/p>\n\n\n\n<p>Organizada pela Secretaria Regional de Agricultura e Pescas, a edi\u00e7\u00e3o de 2026 reuniu cerca de 150 expositores, representando um crescimento de 33% face ao ano anterior e consolidando a feira como a maior plataforma de divulga\u00e7\u00e3o e valoriza\u00e7\u00e3o do setor agropecu\u00e1rio regional. O certame contou com a participa\u00e7\u00e3o de agricultores, criadores de gado, apicultores, floricultores, produtores de sidra e cerveja artesanal, empresas agroalimentares, fabricantes de equipamentos, associa\u00e7\u00f5es setoriais e diversas entidades p\u00fablicas e privadas, refletindo a diversidade e o dinamismo do setor prim\u00e1rio madeirense.<\/p>\n\n\n\n<p>Durante o evento, o isUP-AgrO esteve representado no stand do Centro ISOPlexis, onde foram divulgados os objetivos, atividades e principais \u00e1reas de interven\u00e7\u00e3o do projeto. A participa\u00e7\u00e3o permitiu dar a conhecer o trabalho desenvolvido na promo\u00e7\u00e3o de solu\u00e7\u00f5es inovadoras para uma agricultura mais sustent\u00e1vel, resiliente e baseada no conhecimento cient\u00edfico, contribuindo para a valoriza\u00e7\u00e3o dos recursos agr\u00edcolas e para a ado\u00e7\u00e3o de pr\u00e1ticas alinhadas com os desafios da transi\u00e7\u00e3o ecol\u00f3gica e digital.<\/p>\n\n\n\n<p>A presen\u00e7a na Feira Agropecu\u00e1ria constituiu igualmente uma importante a\u00e7\u00e3o de dissemina\u00e7\u00e3o e comunica\u00e7\u00e3o dos resultados do projeto, proporcionando o contacto direto com agricultores, t\u00e9cnicos, estudantes, investigadores, decisores e o p\u00fablico em geral. Este contexto favoreceu a troca de experi\u00eancias, a identifica\u00e7\u00e3o de necessidades do setor e o refor\u00e7o das liga\u00e7\u00f5es entre a investiga\u00e7\u00e3o cient\u00edfica e os seus utilizadores finais, promovendo a transfer\u00eancia de conhecimento e a ado\u00e7\u00e3o de solu\u00e7\u00f5es inovadoras.<\/p>\n\n\n\n<p>A participa\u00e7\u00e3o do isUP-AgrO neste evento enquadra-se na estrat\u00e9gia de envolvimento com os diferentes stakeholders e de promo\u00e7\u00e3o da inova\u00e7\u00e3o agr\u00edcola, contribuindo para aumentar a visibilidade do projeto e para fortalecer a colabora\u00e7\u00e3o entre a comunidade cient\u00edfica, o setor produtivo e as entidades regionais ligadas ao desenvolvimento agr\u00edcola.<\/p>\n\n\n\n<p>O cons\u00f3rcio do projeto agradece a todos os visitantes que passaram pelo stand do Centro ISOPlexis e manifestaram interesse pelas atividades desenvolvidas, refor\u00e7ando a import\u00e2ncia destes eventos como espa\u00e7os privilegiados de aproxima\u00e7\u00e3o entre a ci\u00eancia, a inova\u00e7\u00e3o e a sociedade.<\/p>\n\n\n\n<div class=\"wp-block-group is-vertical is-layout-flex wp-container-core-group-is-layout-8cf370e7 wp-block-group-is-layout-flex\">\n<figure class=\"wp-block-image size-large\"><img fetchpriority=\"high\" decoding=\"async\" width=\"1024\" height=\"473\" src=\"https:\/\/isupagro.web.uma.pt\/wp-content\/uploads\/2026\/07\/WhatsApp-Image-2026-07-18-at-11.59.53-1-1024x473.jpeg\" alt=\"\" class=\"wp-image-10963\" srcset=\"https:\/\/isupagro.web.uma.pt\/wp-content\/uploads\/2026\/07\/WhatsApp-Image-2026-07-18-at-11.59.53-1-1024x473.jpeg 1024w, https:\/\/isupagro.web.uma.pt\/wp-content\/uploads\/2026\/07\/WhatsApp-Image-2026-07-18-at-11.59.53-1-300x139.jpeg 300w, https:\/\/isupagro.web.uma.pt\/wp-content\/uploads\/2026\/07\/WhatsApp-Image-2026-07-18-at-11.59.53-1-768x355.jpeg 768w, https:\/\/isupagro.web.uma.pt\/wp-content\/uploads\/2026\/07\/WhatsApp-Image-2026-07-18-at-11.59.53-1-1536x709.jpeg 1536w, https:\/\/isupagro.web.uma.pt\/wp-content\/uploads\/2026\/07\/WhatsApp-Image-2026-07-18-at-11.59.53-1-18x8.jpeg 18w, https:\/\/isupagro.web.uma.pt\/wp-content\/uploads\/2026\/07\/WhatsApp-Image-2026-07-18-at-11.59.53-1.jpeg 1600w\" sizes=\"(max-width: 1024px) 100vw, 1024px\" \/><\/figure>\n\n\n\n<figure class=\"wp-block-image size-large\"><img decoding=\"async\" width=\"1024\" height=\"473\" src=\"https:\/\/isupagro.web.uma.pt\/wp-content\/uploads\/2026\/07\/WhatsApp-Image-2026-07-18-at-11.59.52-1-1024x473.jpeg\" alt=\"\" class=\"wp-image-10976\" srcset=\"https:\/\/isupagro.web.uma.pt\/wp-content\/uploads\/2026\/07\/WhatsApp-Image-2026-07-18-at-11.59.52-1-1024x473.jpeg 1024w, https:\/\/isupagro.web.uma.pt\/wp-content\/uploads\/2026\/07\/WhatsApp-Image-2026-07-18-at-11.59.52-1-300x139.jpeg 300w, https:\/\/isupagro.web.uma.pt\/wp-content\/uploads\/2026\/07\/WhatsApp-Image-2026-07-18-at-11.59.52-1-768x355.jpeg 768w, https:\/\/isupagro.web.uma.pt\/wp-content\/uploads\/2026\/07\/WhatsApp-Image-2026-07-18-at-11.59.52-1-1536x709.jpeg 1536w, https:\/\/isupagro.web.uma.pt\/wp-content\/uploads\/2026\/07\/WhatsApp-Image-2026-07-18-at-11.59.52-1-18x8.jpeg 18w, https:\/\/isupagro.web.uma.pt\/wp-content\/uploads\/2026\/07\/WhatsApp-Image-2026-07-18-at-11.59.52-1.jpeg 1600w\" sizes=\"(max-width: 1024px) 100vw, 1024px\" \/><\/figure>\n\n\n\n<div class=\"wp-block-group is-nowrap is-layout-flex wp-container-core-group-is-layout-ad2f72ca wp-block-group-is-layout-flex\">\n<figure class=\"wp-block-image size-large\"><img decoding=\"async\" width=\"473\" height=\"1024\" src=\"https:\/\/isupagro.web.uma.pt\/wp-content\/uploads\/2026\/07\/WhatsApp-Image-2026-07-18-at-11.59.52-473x1024.jpeg\" alt=\"\" class=\"wp-image-10977\" srcset=\"https:\/\/isupagro.web.uma.pt\/wp-content\/uploads\/2026\/07\/WhatsApp-Image-2026-07-18-at-11.59.52-473x1024.jpeg 473w, https:\/\/isupagro.web.uma.pt\/wp-content\/uploads\/2026\/07\/WhatsApp-Image-2026-07-18-at-11.59.52-139x300.jpeg 139w, https:\/\/isupagro.web.uma.pt\/wp-content\/uploads\/2026\/07\/WhatsApp-Image-2026-07-18-at-11.59.52-709x1536.jpeg 709w, https:\/\/isupagro.web.uma.pt\/wp-content\/uploads\/2026\/07\/WhatsApp-Image-2026-07-18-at-11.59.52-6x12.jpeg 6w, https:\/\/isupagro.web.uma.pt\/wp-content\/uploads\/2026\/07\/WhatsApp-Image-2026-07-18-at-11.59.52.jpeg 739w\" sizes=\"(max-width: 473px) 100vw, 473px\" \/><\/figure>\n\n\n\n<figure class=\"wp-block-image size-large\"><img loading=\"lazy\" decoding=\"async\" width=\"768\" height=\"1024\" src=\"https:\/\/isupagro.web.uma.pt\/wp-content\/uploads\/2026\/07\/WhatsApp-Image-2026-07-20-at-11.04.00-768x1024.jpeg\" alt=\"\" class=\"wp-image-10967\" srcset=\"https:\/\/isupagro.web.uma.pt\/wp-content\/uploads\/2026\/07\/WhatsApp-Image-2026-07-20-at-11.04.00-768x1024.jpeg 768w, https:\/\/isupagro.web.uma.pt\/wp-content\/uploads\/2026\/07\/WhatsApp-Image-2026-07-20-at-11.04.00-225x300.jpeg 225w, https:\/\/isupagro.web.uma.pt\/wp-content\/uploads\/2026\/07\/WhatsApp-Image-2026-07-20-at-11.04.00-1152x1536.jpeg 1152w, https:\/\/isupagro.web.uma.pt\/wp-content\/uploads\/2026\/07\/WhatsApp-Image-2026-07-20-at-11.04.00-9x12.jpeg 9w, https:\/\/isupagro.web.uma.pt\/wp-content\/uploads\/2026\/07\/WhatsApp-Image-2026-07-20-at-11.04.00.jpeg 1536w\" sizes=\"(max-width: 768px) 100vw, 768px\" \/><\/figure>\n\n\n\n<figure class=\"wp-block-image size-large\"><img loading=\"lazy\" decoding=\"async\" width=\"473\" height=\"1024\" src=\"https:\/\/isupagro.web.uma.pt\/wp-content\/uploads\/2026\/07\/WhatsApp-Image-2026-07-18-at-11.59.53-3-473x1024.jpeg\" alt=\"\" class=\"wp-image-10964\" srcset=\"https:\/\/isupagro.web.uma.pt\/wp-content\/uploads\/2026\/07\/WhatsApp-Image-2026-07-18-at-11.59.53-3-473x1024.jpeg 473w, https:\/\/isupagro.web.uma.pt\/wp-content\/uploads\/2026\/07\/WhatsApp-Image-2026-07-18-at-11.59.53-3-139x300.jpeg 139w, https:\/\/isupagro.web.uma.pt\/wp-content\/uploads\/2026\/07\/WhatsApp-Image-2026-07-18-at-11.59.53-3-709x1536.jpeg 709w, https:\/\/isupagro.web.uma.pt\/wp-content\/uploads\/2026\/07\/WhatsApp-Image-2026-07-18-at-11.59.53-3-6x12.jpeg 6w, https:\/\/isupagro.web.uma.pt\/wp-content\/uploads\/2026\/07\/WhatsApp-Image-2026-07-18-at-11.59.53-3.jpeg 739w\" sizes=\"(max-width: 473px) 100vw, 473px\" \/><\/figure>\n<\/div>\n\n\n\n<div class=\"wp-block-group is-nowrap is-layout-flex wp-container-core-group-is-layout-ad2f72ca wp-block-group-is-layout-flex\">\n<figure class=\"wp-block-image size-large\"><img loading=\"lazy\" decoding=\"async\" width=\"768\" height=\"1024\" src=\"https:\/\/isupagro.web.uma.pt\/wp-content\/uploads\/2026\/07\/WhatsApp-Image-2026-07-20-at-11.07.42-768x1024.jpeg\" alt=\"\" class=\"wp-image-10970\" srcset=\"https:\/\/isupagro.web.uma.pt\/wp-content\/uploads\/2026\/07\/WhatsApp-Image-2026-07-20-at-11.07.42-768x1024.jpeg 768w, https:\/\/isupagro.web.uma.pt\/wp-content\/uploads\/2026\/07\/WhatsApp-Image-2026-07-20-at-11.07.42-225x300.jpeg 225w, https:\/\/isupagro.web.uma.pt\/wp-content\/uploads\/2026\/07\/WhatsApp-Image-2026-07-20-at-11.07.42-1152x1536.jpeg 1152w, https:\/\/isupagro.web.uma.pt\/wp-content\/uploads\/2026\/07\/WhatsApp-Image-2026-07-20-at-11.07.42-9x12.jpeg 9w, https:\/\/isupagro.web.uma.pt\/wp-content\/uploads\/2026\/07\/WhatsApp-Image-2026-07-20-at-11.07.42.jpeg 1536w\" sizes=\"(max-width: 768px) 100vw, 768px\" \/><\/figure>\n\n\n\n<figure class=\"wp-block-image size-large\"><img loading=\"lazy\" decoding=\"async\" width=\"768\" height=\"1024\" src=\"https:\/\/isupagro.web.uma.pt\/wp-content\/uploads\/2026\/07\/WhatsApp-Image-2026-07-20-at-11.07.51-768x1024.jpeg\" alt=\"\" class=\"wp-image-10971\" srcset=\"https:\/\/isupagro.web.uma.pt\/wp-content\/uploads\/2026\/07\/WhatsApp-Image-2026-07-20-at-11.07.51-768x1024.jpeg 768w, https:\/\/isupagro.web.uma.pt\/wp-content\/uploads\/2026\/07\/WhatsApp-Image-2026-07-20-at-11.07.51-225x300.jpeg 225w, https:\/\/isupagro.web.uma.pt\/wp-content\/uploads\/2026\/07\/WhatsApp-Image-2026-07-20-at-11.07.51-1152x1536.jpeg 1152w, https:\/\/isupagro.web.uma.pt\/wp-content\/uploads\/2026\/07\/WhatsApp-Image-2026-07-20-at-11.07.51-9x12.jpeg 9w, https:\/\/isupagro.web.uma.pt\/wp-content\/uploads\/2026\/07\/WhatsApp-Image-2026-07-20-at-11.07.51.jpeg 1536w\" sizes=\"(max-width: 768px) 100vw, 768px\" \/><\/figure>\n<\/div>\n\n\n\n<div class=\"wp-block-group is-nowrap is-layout-flex wp-container-core-group-is-layout-ad2f72ca wp-block-group-is-layout-flex\">\n<figure class=\"wp-block-image size-large\"><img loading=\"lazy\" decoding=\"async\" width=\"473\" height=\"1024\" src=\"https:\/\/isupagro.web.uma.pt\/wp-content\/uploads\/2026\/07\/WhatsApp-Image-2026-07-18-at-11.59.51-1-473x1024.jpeg\" alt=\"\" class=\"wp-image-10974\" srcset=\"https:\/\/isupagro.web.uma.pt\/wp-content\/uploads\/2026\/07\/WhatsApp-Image-2026-07-18-at-11.59.51-1-473x1024.jpeg 473w, https:\/\/isupagro.web.uma.pt\/wp-content\/uploads\/2026\/07\/WhatsApp-Image-2026-07-18-at-11.59.51-1-139x300.jpeg 139w, https:\/\/isupagro.web.uma.pt\/wp-content\/uploads\/2026\/07\/WhatsApp-Image-2026-07-18-at-11.59.51-1-709x1536.jpeg 709w, https:\/\/isupagro.web.uma.pt\/wp-content\/uploads\/2026\/07\/WhatsApp-Image-2026-07-18-at-11.59.51-1-6x12.jpeg 6w, https:\/\/isupagro.web.uma.pt\/wp-content\/uploads\/2026\/07\/WhatsApp-Image-2026-07-18-at-11.59.51-1.jpeg 739w\" sizes=\"(max-width: 473px) 100vw, 473px\" \/><\/figure>\n\n\n\n<figure class=\"wp-block-image size-large\"><img loading=\"lazy\" decoding=\"async\" width=\"473\" height=\"1024\" src=\"https:\/\/isupagro.web.uma.pt\/wp-content\/uploads\/2026\/07\/WhatsApp-Image-2026-07-18-at-11.59.50-473x1024.jpeg\" alt=\"\" class=\"wp-image-10973\" srcset=\"https:\/\/isupagro.web.uma.pt\/wp-content\/uploads\/2026\/07\/WhatsApp-Image-2026-07-18-at-11.59.50-473x1024.jpeg 473w, https:\/\/isupagro.web.uma.pt\/wp-content\/uploads\/2026\/07\/WhatsApp-Image-2026-07-18-at-11.59.50-139x300.jpeg 139w, https:\/\/isupagro.web.uma.pt\/wp-content\/uploads\/2026\/07\/WhatsApp-Image-2026-07-18-at-11.59.50-709x1536.jpeg 709w, https:\/\/isupagro.web.uma.pt\/wp-content\/uploads\/2026\/07\/WhatsApp-Image-2026-07-18-at-11.59.50-6x12.jpeg 6w, https:\/\/isupagro.web.uma.pt\/wp-content\/uploads\/2026\/07\/WhatsApp-Image-2026-07-18-at-11.59.50.jpeg 739w\" sizes=\"(max-width: 473px) 100vw, 473px\" \/><\/figure>\n<\/div>\n\n\n\n<div class=\"wp-block-group is-nowrap is-layout-flex wp-container-core-group-is-layout-ad2f72ca wp-block-group-is-layout-flex\">\n<figure class=\"wp-block-image size-large\"><img loading=\"lazy\" decoding=\"async\" width=\"473\" height=\"1024\" src=\"https:\/\/isupagro.web.uma.pt\/wp-content\/uploads\/2026\/07\/WhatsApp-Image-2026-07-18-at-11.59.53-473x1024.jpeg\" alt=\"\" class=\"wp-image-10966\" srcset=\"https:\/\/isupagro.web.uma.pt\/wp-content\/uploads\/2026\/07\/WhatsApp-Image-2026-07-18-at-11.59.53-473x1024.jpeg 473w, https:\/\/isupagro.web.uma.pt\/wp-content\/uploads\/2026\/07\/WhatsApp-Image-2026-07-18-at-11.59.53-139x300.jpeg 139w, https:\/\/isupagro.web.uma.pt\/wp-content\/uploads\/2026\/07\/WhatsApp-Image-2026-07-18-at-11.59.53-709x1536.jpeg 709w, https:\/\/isupagro.web.uma.pt\/wp-content\/uploads\/2026\/07\/WhatsApp-Image-2026-07-18-at-11.59.53-6x12.jpeg 6w, https:\/\/isupagro.web.uma.pt\/wp-content\/uploads\/2026\/07\/WhatsApp-Image-2026-07-18-at-11.59.53.jpeg 739w\" sizes=\"(max-width: 473px) 100vw, 473px\" \/><\/figure>\n\n\n\n<figure class=\"wp-block-image size-large\"><img loading=\"lazy\" decoding=\"async\" width=\"768\" height=\"1024\" src=\"https:\/\/isupagro.web.uma.pt\/wp-content\/uploads\/2026\/07\/WhatsApp-Image-2026-07-20-at-11.07.32-768x1024.jpeg\" alt=\"\" class=\"wp-image-10969\" srcset=\"https:\/\/isupagro.web.uma.pt\/wp-content\/uploads\/2026\/07\/WhatsApp-Image-2026-07-20-at-11.07.32-768x1024.jpeg 768w, https:\/\/isupagro.web.uma.pt\/wp-content\/uploads\/2026\/07\/WhatsApp-Image-2026-07-20-at-11.07.32-225x300.jpeg 225w, https:\/\/isupagro.web.uma.pt\/wp-content\/uploads\/2026\/07\/WhatsApp-Image-2026-07-20-at-11.07.32-1152x1536.jpeg 1152w, https:\/\/isupagro.web.uma.pt\/wp-content\/uploads\/2026\/07\/WhatsApp-Image-2026-07-20-at-11.07.32-9x12.jpeg 9w, https:\/\/isupagro.web.uma.pt\/wp-content\/uploads\/2026\/07\/WhatsApp-Image-2026-07-20-at-11.07.32.jpeg 1536w\" sizes=\"(max-width: 768px) 100vw, 768px\" \/><\/figure>\n<\/div>\n\n\n\n<figure class=\"wp-block-image size-large\"><img loading=\"lazy\" decoding=\"async\" width=\"1024\" height=\"473\" src=\"https:\/\/isupagro.web.uma.pt\/wp-content\/uploads\/2026\/07\/WhatsApp-Image-2026-07-18-at-11.59.53-4-1024x473.jpeg\" alt=\"\" class=\"wp-image-10965\" srcset=\"https:\/\/isupagro.web.uma.pt\/wp-content\/uploads\/2026\/07\/WhatsApp-Image-2026-07-18-at-11.59.53-4-1024x473.jpeg 1024w, https:\/\/isupagro.web.uma.pt\/wp-content\/uploads\/2026\/07\/WhatsApp-Image-2026-07-18-at-11.59.53-4-300x139.jpeg 300w, https:\/\/isupagro.web.uma.pt\/wp-content\/uploads\/2026\/07\/WhatsApp-Image-2026-07-18-at-11.59.53-4-768x355.jpeg 768w, https:\/\/isupagro.web.uma.pt\/wp-content\/uploads\/2026\/07\/WhatsApp-Image-2026-07-18-at-11.59.53-4-1536x709.jpeg 1536w, https:\/\/isupagro.web.uma.pt\/wp-content\/uploads\/2026\/07\/WhatsApp-Image-2026-07-18-at-11.59.53-4-18x8.jpeg 18w, https:\/\/isupagro.web.uma.pt\/wp-content\/uploads\/2026\/07\/WhatsApp-Image-2026-07-18-at-11.59.53-4.jpeg 1600w\" sizes=\"(max-width: 1024px) 100vw, 1024px\" \/><\/figure>\n\n\n\n<p><\/p>\n<\/div>\n","protected":false},"excerpt":{"rendered":"<p>O projeto isUP-AgrO participou na 69.\u00aa Feira Agropecu\u00e1ria da Madeira, realizada nos dias 17, 18 e 19 de julho de 2026, na Santa do Porto Moniz, concelho do Porto Moniz, um dos principais eventos de promo\u00e7\u00e3o do setor agropecu\u00e1rio da Regi\u00e3o Aut\u00f3noma da Madeira. Organizada pela Secretaria Regional de Agricultura e Pescas, a edi\u00e7\u00e3o de [&hellip;]<\/p>\n","protected":false},"author":3,"featured_media":10972,"comment_status":"closed","ping_status":"closed","sticky":false,"template":"","format":"standard","meta":{"footnotes":""},"categories":[37],"tags":[],"class_list":["post-10962","post","type-post","status-publish","format-standard","has-post-thumbnail","hentry","category-comunicacoes-e-disseminacao"],"yoast_head":"<!-- This site is optimized with the Yoast SEO plugin v27.2 - https:\/\/yoast.com\/product\/yoast-seo-wordpress\/ -->\n<title>Projeto isUP-AgrO participa na 69.\u00aa Feira Agropecu\u00e1ria da Madeira - isUP_Agro<\/title>\n<meta name=\"robots\" content=\"index, follow, max-snippet:-1, max-image-preview:large, max-video-preview:-1\" \/>\n<link rel=\"canonical\" href=\"https:\/\/isupagro.web.uma.pt\/pt\/projeto-isup-agro-participa-na-69-a-feira-agropecuaria-da-madeira\/\" \/>\n<meta property=\"og:locale\" content=\"pt_PT\" \/>\n<meta property=\"og:type\" content=\"article\" \/>\n<meta property=\"og:title\" content=\"Projeto isUP-AgrO participa na 69.\u00aa Feira Agropecu\u00e1ria da Madeira - isUP_Agro\" \/>\n<meta property=\"og:description\" content=\"O projeto isUP-AgrO participou na 69.\u00aa Feira Agropecu\u00e1ria da Madeira, realizada nos dias 17, 18 e 19 de julho de 2026, na Santa do Porto Moniz, concelho do Porto Moniz, um dos principais eventos de promo\u00e7\u00e3o do setor agropecu\u00e1rio da Regi\u00e3o Aut\u00f3noma da Madeira. Organizada pela Secretaria Regional de Agricultura e Pescas, a edi\u00e7\u00e3o de [&hellip;]\" \/>\n<meta property=\"og:url\" content=\"https:\/\/isupagro.web.uma.pt\/pt\/projeto-isup-agro-participa-na-69-a-feira-agropecuaria-da-madeira\/\" \/>\n<meta property=\"og:site_name\" content=\"isUP_Agro\" \/>\n<meta property=\"article:published_time\" content=\"2026-07-20T10:35:27+00:00\" \/>\n<meta property=\"article:modified_time\" content=\"2026-07-20T10:35:28+00:00\" \/>\n<meta property=\"og:image\" content=\"https:\/\/isupagro.web.uma.pt\/wp-content\/uploads\/2026\/07\/Destaque.jpeg\" \/>\n\t<meta property=\"og:image:width\" content=\"1600\" \/>\n\t<meta property=\"og:image:height\" content=\"739\" \/>\n\t<meta property=\"og:image:type\" content=\"image\/jpeg\" \/>\n<meta name=\"author\" content=\"isupagro\" \/>\n<meta name=\"twitter:card\" content=\"summary_large_image\" \/>\n<meta name=\"twitter:label1\" content=\"Escrito por\" \/>\n\t<meta name=\"twitter:data1\" content=\"isupagro\" \/>\n\t<meta name=\"twitter:label2\" content=\"Tempo estimado de leitura\" \/>\n\t<meta name=\"twitter:data2\" content=\"5 minutos\" \/>\n<script type=\"application\/ld+json\" class=\"yoast-schema-graph\">{\"@context\":\"https:\/\/schema.org\",\"@graph\":[{\"@type\":\"Article\",\"@id\":\"https:\/\/isupagro.web.uma.pt\/projeto-isup-agro-participa-na-69-a-feira-agropecuaria-da-madeira\/#article\",\"isPartOf\":{\"@id\":\"https:\/\/isupagro.web.uma.pt\/projeto-isup-agro-participa-na-69-a-feira-agropecuaria-da-madeira\/\"},\"author\":{\"name\":\"isupagro\",\"@id\":\"https:\/\/isupagro.web.uma.pt\/pt\/#\/schema\/person\/b816290fc350bc85f669eb8e3b3c86d6\"},\"headline\":\"Projeto isUP-AgrO participa na 69.\u00aa Feira Agropecu\u00e1ria da Madeira\",\"datePublished\":\"2026-07-20T10:35:27+00:00\",\"dateModified\":\"2026-07-20T10:35:28+00:00\",\"mainEntityOfPage\":{\"@id\":\"https:\/\/isupagro.web.uma.pt\/projeto-isup-agro-participa-na-69-a-feira-agropecuaria-da-madeira\/\"},\"wordCount\":416,\"publisher\":{\"@id\":\"https:\/\/isupagro.web.uma.pt\/pt\/#organization\"},\"image\":{\"@id\":\"https:\/\/isupagro.web.uma.pt\/projeto-isup-agro-participa-na-69-a-feira-agropecuaria-da-madeira\/#primaryimage\"},\"thumbnailUrl\":\"https:\/\/isupagro.web.uma.pt\/wp-content\/uploads\/2026\/07\/Destaque.jpeg\",\"articleSection\":[\"Comunica\u00e7\u00f5es e Dissemina\u00e7\u00e3o\"],\"inLanguage\":\"pt-PT\"},{\"@type\":\"WebPage\",\"@id\":\"https:\/\/isupagro.web.uma.pt\/projeto-isup-agro-participa-na-69-a-feira-agropecuaria-da-madeira\/\",\"url\":\"https:\/\/isupagro.web.uma.pt\/projeto-isup-agro-participa-na-69-a-feira-agropecuaria-da-madeira\/\",\"name\":\"Projeto isUP-AgrO participa na 69.\u00aa Feira Agropecu\u00e1ria da Madeira - isUP_Agro\",\"isPartOf\":{\"@id\":\"https:\/\/isupagro.web.uma.pt\/pt\/#website\"},\"primaryImageOfPage\":{\"@id\":\"https:\/\/isupagro.web.uma.pt\/projeto-isup-agro-participa-na-69-a-feira-agropecuaria-da-madeira\/#primaryimage\"},\"image\":{\"@id\":\"https:\/\/isupagro.web.uma.pt\/projeto-isup-agro-participa-na-69-a-feira-agropecuaria-da-madeira\/#primaryimage\"},\"thumbnailUrl\":\"https:\/\/isupagro.web.uma.pt\/wp-content\/uploads\/2026\/07\/Destaque.jpeg\",\"datePublished\":\"2026-07-20T10:35:27+00:00\",\"dateModified\":\"2026-07-20T10:35:28+00:00\",\"breadcrumb\":{\"@id\":\"https:\/\/isupagro.web.uma.pt\/projeto-isup-agro-participa-na-69-a-feira-agropecuaria-da-madeira\/#breadcrumb\"},\"inLanguage\":\"pt-PT\",\"potentialAction\":[{\"@type\":\"ReadAction\",\"target\":[\"https:\/\/isupagro.web.uma.pt\/projeto-isup-agro-participa-na-69-a-feira-agropecuaria-da-madeira\/\"]}]},{\"@type\":\"ImageObject\",\"inLanguage\":\"pt-PT\",\"@id\":\"https:\/\/isupagro.web.uma.pt\/projeto-isup-agro-participa-na-69-a-feira-agropecuaria-da-madeira\/#primaryimage\",\"url\":\"https:\/\/isupagro.web.uma.pt\/wp-content\/uploads\/2026\/07\/Destaque.jpeg\",\"contentUrl\":\"https:\/\/isupagro.web.uma.pt\/wp-content\/uploads\/2026\/07\/Destaque.jpeg\",\"width\":1600,\"height\":739},{\"@type\":\"BreadcrumbList\",\"@id\":\"https:\/\/isupagro.web.uma.pt\/projeto-isup-agro-participa-na-69-a-feira-agropecuaria-da-madeira\/#breadcrumb\",\"itemListElement\":[{\"@type\":\"ListItem\",\"position\":1,\"name\":\"In\u00edcio\",\"item\":\"https:\/\/isupagro.web.uma.pt\/\"},{\"@type\":\"ListItem\",\"position\":2,\"name\":\"Projeto isUP-AgrO participa na 69.\u00aa Feira Agropecu\u00e1ria da Madeira\"}]},{\"@type\":\"WebSite\",\"@id\":\"https:\/\/isupagro.web.uma.pt\/pt\/#website\",\"url\":\"https:\/\/isupagro.web.uma.pt\/pt\/\",\"name\":\"isUP_Agro\",\"description\":\"\",\"publisher\":{\"@id\":\"https:\/\/isupagro.web.uma.pt\/pt\/#organization\"},\"potentialAction\":[{\"@type\":\"SearchAction\",\"target\":{\"@type\":\"EntryPoint\",\"urlTemplate\":\"https:\/\/isupagro.web.uma.pt\/pt\/?s={search_term_string}\"},\"query-input\":{\"@type\":\"PropertyValueSpecification\",\"valueRequired\":true,\"valueName\":\"search_term_string\"}}],\"inLanguage\":\"pt-PT\"},{\"@type\":\"Organization\",\"@id\":\"https:\/\/isupagro.web.uma.pt\/pt\/#organization\",\"name\":\"isUP_Agro\",\"url\":\"https:\/\/isupagro.web.uma.pt\/pt\/\",\"logo\":{\"@type\":\"ImageObject\",\"inLanguage\":\"pt-PT\",\"@id\":\"https:\/\/isupagro.web.uma.pt\/pt\/#\/schema\/logo\/image\/\",\"url\":\"https:\/\/isupagro.web.uma.pt\/wp-content\/uploads\/2024\/10\/cropped-isUP-AgrO-v1.png\",\"contentUrl\":\"https:\/\/isupagro.web.uma.pt\/wp-content\/uploads\/2024\/10\/cropped-isUP-AgrO-v1.png\",\"width\":1000,\"height\":249,\"caption\":\"isUP_Agro\"},\"image\":{\"@id\":\"https:\/\/isupagro.web.uma.pt\/pt\/#\/schema\/logo\/image\/\"},\"sameAs\":[\"https:\/\/pt.linkedin.com\/showcase\/isup-agro\/\"]},{\"@type\":\"Person\",\"@id\":\"https:\/\/isupagro.web.uma.pt\/pt\/#\/schema\/person\/b816290fc350bc85f669eb8e3b3c86d6\",\"name\":\"isupagro\",\"image\":{\"@type\":\"ImageObject\",\"inLanguage\":\"pt-PT\",\"@id\":\"https:\/\/secure.gravatar.com\/avatar\/124a2b392d9f930b57bc29837defb2cbe5c53b7656d6849d1f6a7da307d075f8?s=96&d=mm&r=g\",\"url\":\"https:\/\/secure.gravatar.com\/avatar\/124a2b392d9f930b57bc29837defb2cbe5c53b7656d6849d1f6a7da307d075f8?s=96&d=mm&r=g\",\"contentUrl\":\"https:\/\/secure.gravatar.com\/avatar\/124a2b392d9f930b57bc29837defb2cbe5c53b7656d6849d1f6a7da307d075f8?s=96&d=mm&r=g\",\"caption\":\"isupagro\"},\"url\":\"https:\/\/isupagro.web.uma.pt\/pt\/author\/isupagro\/\"}]}<\/script>\n<!-- \/ Yoast SEO plugin. -->","yoast_head_json":{"title":"Projeto isUP-AgrO participa na 69.\u00aa Feira Agropecu\u00e1ria da Madeira - isUP_Agro","robots":{"index":"index","follow":"follow","max-snippet":"max-snippet:-1","max-image-preview":"max-image-preview:large","max-video-preview":"max-video-preview:-1"},"canonical":"https:\/\/isupagro.web.uma.pt\/pt\/projeto-isup-agro-participa-na-69-a-feira-agropecuaria-da-madeira\/","og_locale":"pt_PT","og_type":"article","og_title":"Projeto isUP-AgrO participa na 69.\u00aa Feira Agropecu\u00e1ria da Madeira - isUP_Agro","og_description":"O projeto isUP-AgrO participou na 69.\u00aa Feira Agropecu\u00e1ria da Madeira, realizada nos dias 17, 18 e 19 de julho de 2026, na Santa do Porto Moniz, concelho do Porto Moniz, um dos principais eventos de promo\u00e7\u00e3o do setor agropecu\u00e1rio da Regi\u00e3o Aut\u00f3noma da Madeira. Organizada pela Secretaria Regional de Agricultura e Pescas, a edi\u00e7\u00e3o de [&hellip;]","og_url":"https:\/\/isupagro.web.uma.pt\/pt\/projeto-isup-agro-participa-na-69-a-feira-agropecuaria-da-madeira\/","og_site_name":"isUP_Agro","article_published_time":"2026-07-20T10:35:27+00:00","article_modified_time":"2026-07-20T10:35:28+00:00","og_image":[{"width":1600,"height":739,"url":"https:\/\/isupagro.web.uma.pt\/wp-content\/uploads\/2026\/07\/Destaque.jpeg","type":"image\/jpeg"}],"author":"isupagro","twitter_card":"summary_large_image","twitter_misc":{"Escrito por":"isupagro","Tempo estimado de leitura":"5 minutos"},"schema":{"@context":"https:\/\/schema.org","@graph":[{"@type":"Article","@id":"https:\/\/isupagro.web.uma.pt\/projeto-isup-agro-participa-na-69-a-feira-agropecuaria-da-madeira\/#article","isPartOf":{"@id":"https:\/\/isupagro.web.uma.pt\/projeto-isup-agro-participa-na-69-a-feira-agropecuaria-da-madeira\/"},"author":{"name":"isupagro","@id":"https:\/\/isupagro.web.uma.pt\/pt\/#\/schema\/person\/b816290fc350bc85f669eb8e3b3c86d6"},"headline":"Projeto isUP-AgrO participa na 69.\u00aa Feira Agropecu\u00e1ria da Madeira","datePublished":"2026-07-20T10:35:27+00:00","dateModified":"2026-07-20T10:35:28+00:00","mainEntityOfPage":{"@id":"https:\/\/isupagro.web.uma.pt\/projeto-isup-agro-participa-na-69-a-feira-agropecuaria-da-madeira\/"},"wordCount":416,"publisher":{"@id":"https:\/\/isupagro.web.uma.pt\/pt\/#organization"},"image":{"@id":"https:\/\/isupagro.web.uma.pt\/projeto-isup-agro-participa-na-69-a-feira-agropecuaria-da-madeira\/#primaryimage"},"thumbnailUrl":"https:\/\/isupagro.web.uma.pt\/wp-content\/uploads\/2026\/07\/Destaque.jpeg","articleSection":["Comunica\u00e7\u00f5es e Dissemina\u00e7\u00e3o"],"inLanguage":"pt-PT"},{"@type":"WebPage","@id":"https:\/\/isupagro.web.uma.pt\/projeto-isup-agro-participa-na-69-a-feira-agropecuaria-da-madeira\/","url":"https:\/\/isupagro.web.uma.pt\/projeto-isup-agro-participa-na-69-a-feira-agropecuaria-da-madeira\/","name":"Projeto isUP-AgrO participa na 69.\u00aa Feira Agropecu\u00e1ria da Madeira - isUP_Agro","isPartOf":{"@id":"https:\/\/isupagro.web.uma.pt\/pt\/#website"},"primaryImageOfPage":{"@id":"https:\/\/isupagro.web.uma.pt\/projeto-isup-agro-participa-na-69-a-feira-agropecuaria-da-madeira\/#primaryimage"},"image":{"@id":"https:\/\/isupagro.web.uma.pt\/projeto-isup-agro-participa-na-69-a-feira-agropecuaria-da-madeira\/#primaryimage"},"thumbnailUrl":"https:\/\/isupagro.web.uma.pt\/wp-content\/uploads\/2026\/07\/Destaque.jpeg","datePublished":"2026-07-20T10:35:27+00:00","dateModified":"2026-07-20T10:35:28+00:00","breadcrumb":{"@id":"https:\/\/isupagro.web.uma.pt\/projeto-isup-agro-participa-na-69-a-feira-agropecuaria-da-madeira\/#breadcrumb"},"inLanguage":"pt-PT","potentialAction":[{"@type":"ReadAction","target":["https:\/\/isupagro.web.uma.pt\/projeto-isup-agro-participa-na-69-a-feira-agropecuaria-da-madeira\/"]}]},{"@type":"ImageObject","inLanguage":"pt-PT","@id":"https:\/\/isupagro.web.uma.pt\/projeto-isup-agro-participa-na-69-a-feira-agropecuaria-da-madeira\/#primaryimage","url":"https:\/\/isupagro.web.uma.pt\/wp-content\/uploads\/2026\/07\/Destaque.jpeg","contentUrl":"https:\/\/isupagro.web.uma.pt\/wp-content\/uploads\/2026\/07\/Destaque.jpeg","width":1600,"height":739},{"@type":"BreadcrumbList","@id":"https:\/\/isupagro.web.uma.pt\/projeto-isup-agro-participa-na-69-a-feira-agropecuaria-da-madeira\/#breadcrumb","itemListElement":[{"@type":"ListItem","position":1,"name":"In\u00edcio","item":"https:\/\/isupagro.web.uma.pt\/"},{"@type":"ListItem","position":2,"name":"Projeto isUP-AgrO participa na 69.\u00aa Feira Agropecu\u00e1ria da Madeira"}]},{"@type":"WebSite","@id":"https:\/\/isupagro.web.uma.pt\/pt\/#website","url":"https:\/\/isupagro.web.uma.pt\/pt\/","name":"isUP_Agro","description":"","publisher":{"@id":"https:\/\/isupagro.web.uma.pt\/pt\/#organization"},"potentialAction":[{"@type":"SearchAction","target":{"@type":"EntryPoint","urlTemplate":"https:\/\/isupagro.web.uma.pt\/pt\/?s={search_term_string}"},"query-input":{"@type":"PropertyValueSpecification","valueRequired":true,"valueName":"search_term_string"}}],"inLanguage":"pt-PT"},{"@type":"Organization","@id":"https:\/\/isupagro.web.uma.pt\/pt\/#organization","name":"isUP_Agro","url":"https:\/\/isupagro.web.uma.pt\/pt\/","logo":{"@type":"ImageObject","inLanguage":"pt-PT","@id":"https:\/\/isupagro.web.uma.pt\/pt\/#\/schema\/logo\/image\/","url":"https:\/\/isupagro.web.uma.pt\/wp-content\/uploads\/2024\/10\/cropped-isUP-AgrO-v1.png","contentUrl":"https:\/\/isupagro.web.uma.pt\/wp-content\/uploads\/2024\/10\/cropped-isUP-AgrO-v1.png","width":1000,"height":249,"caption":"isUP_Agro"},"image":{"@id":"https:\/\/isupagro.web.uma.pt\/pt\/#\/schema\/logo\/image\/"},"sameAs":["https:\/\/pt.linkedin.com\/showcase\/isup-agro\/"]},{"@type":"Person","@id":"https:\/\/isupagro.web.uma.pt\/pt\/#\/schema\/person\/b816290fc350bc85f669eb8e3b3c86d6","name":"isupagro","image":{"@type":"ImageObject","inLanguage":"pt-PT","@id":"https:\/\/secure.gravatar.com\/avatar\/124a2b392d9f930b57bc29837defb2cbe5c53b7656d6849d1f6a7da307d075f8?s=96&d=mm&r=g","url":"https:\/\/secure.gravatar.com\/avatar\/124a2b392d9f930b57bc29837defb2cbe5c53b7656d6849d1f6a7da307d075f8?s=96&d=mm&r=g","contentUrl":"https:\/\/secure.gravatar.com\/avatar\/124a2b392d9f930b57bc29837defb2cbe5c53b7656d6849d1f6a7da307d075f8?s=96&d=mm&r=g","caption":"isupagro"},"url":"https:\/\/isupagro.web.uma.pt\/pt\/author\/isupagro\/"}]}},"_links":{"self":[{"href":"https:\/\/isupagro.web.uma.pt\/pt\/wp-json\/wp\/v2\/posts\/10962","targetHints":{"allow":["GET"]}}],"collection":[{"href":"https:\/\/isupagro.web.uma.pt\/pt\/wp-json\/wp\/v2\/posts"}],"about":[{"href":"https:\/\/isupagro.web.uma.pt\/pt\/wp-json\/wp\/v2\/types\/post"}],"author":[{"embeddable":true,"href":"https:\/\/isupagro.web.uma.pt\/pt\/wp-json\/wp\/v2\/users\/3"}],"replies":[{"embeddable":true,"href":"https:\/\/isupagro.web.uma.pt\/pt\/wp-json\/wp\/v2\/comments?post=10962"}],"version-history":[{"count":1,"href":"https:\/\/isupagro.web.uma.pt\/pt\/wp-json\/wp\/v2\/posts\/10962\/revisions"}],"predecessor-version":[{"id":10978,"href":"https:\/\/isupagro.web.uma.pt\/pt\/wp-json\/wp\/v2\/posts\/10962\/revisions\/10978"}],"wp:featuredmedia":[{"embeddable":true,"href":"https:\/\/isupagro.web.uma.pt\/pt\/wp-json\/wp\/v2\/media\/10972"}],"wp:attachment":[{"href":"https:\/\/isupagro.web.uma.pt\/pt\/wp-json\/wp\/v2\/media?parent=10962"}],"wp:term":[{"taxonomy":"category","embeddable":true,"href":"https:\/\/isupagro.web.uma.pt\/pt\/wp-json\/wp\/v2\/categories?post=10962"},{"taxonomy":"post_tag","embeddable":true,"href":"https:\/\/isupagro.web.uma.pt\/pt\/wp-json\/wp\/v2\/tags?post=10962"}],"curies":[{"name":"wp","href":"https:\/\/api.w.org\/{rel}","templated":true}]}}