{"id":10956,"date":"2026-07-17T14:19:22","date_gmt":"2026-07-17T14:19:22","guid":{"rendered":"https:\/\/isupagro.web.uma.pt\/?p=10956"},"modified":"2026-07-17T14:19:23","modified_gmt":"2026-07-17T14:19:23","slug":"reuniao-anual-assinala-o-segundo-ano-do-projeto-isup-agro","status":"publish","type":"post","link":"https:\/\/isupagro.web.uma.pt\/pt\/reuniao-anual-assinala-o-segundo-ano-do-projeto-isup-agro\/","title":{"rendered":"Reuni\u00e3o Anual assinala o segundo ano do projeto isUP-AgrO"},"content":{"rendered":"\n<p>No passado dia 3 de julho de 2026, realizou-se a reuni\u00e3o anual de acompanhamento do projeto europeu isUP-AgrO \u2013 Unlocking the Potential for Agricultural Research in an EU Outermost Region: boosting the ISOPlexis centre, assinalando a conclus\u00e3o do segundo ano deste projeto financiado pelo programa Horizon Europe Twinning.<\/p>\n\n\n\n<p>A reuni\u00e3o contou com a participa\u00e7\u00e3o de todos os parceiros do cons\u00f3rcio \u2014 ISOPlexis\/Universidade da Madeira, IRNAS-CSIC (Espanha), Universidade de Parma (It\u00e1lia) e Saturntech (Portugal) \u2014 bem como dos membros do Advisory Board, cuja contribui\u00e7\u00e3o tem sido fundamental para o acompanhamento cient\u00edfico e estrat\u00e9gico do projeto.<\/p>\n\n\n\n<p>O encontro revelou-se extremamente produtivo, permitindo fazer um balan\u00e7o dos progressos alcan\u00e7ados ao longo dos dois primeiros anos e definir as prioridades para a fase final do projeto. A agenda incluiu uma vis\u00e3o geral do projeto, a atualiza\u00e7\u00e3o das atividades desenvolvidas nos Work Packages 1 a 5, com destaque para os principais marcos alcan\u00e7ados, bem como uma discuss\u00e3o aprofundada sobre o Work Package 6, dedicada ao estado do projeto de investiga\u00e7\u00e3o, aos resultados obtidos e \u00e0s perspetivas futuras. A reuni\u00e3o terminou com a defini\u00e7\u00e3o das pr\u00f3ximas etapas, prioridades e principais conclus\u00f5es para o \u00faltimo ano de implementa\u00e7\u00e3o.<\/p>\n\n\n\n<p>Ao longo destes dois anos, o isUP-AgrO tem refor\u00e7ado de forma significativa a capacidade cient\u00edfica e de inova\u00e7\u00e3o do Centro ISOPlexis, promovendo a colabora\u00e7\u00e3o internacional, a forma\u00e7\u00e3o avan\u00e7ada, a transfer\u00eancia de conhecimento e o desenvolvimento de investiga\u00e7\u00e3o de excel\u00eancia nas \u00e1reas da Agricultura Sustent\u00e1vel e da Tecnologia Alimentar.<\/p>\n\n\n\n<p>Com a entrada no terceiro e \u00faltimo ano do projeto, os trabalhos centrar-se-\u00e3o sobretudo nas atividades de campo, na an\u00e1lise dos dados obtidos e no refor\u00e7o das a\u00e7\u00f5es de dissemina\u00e7\u00e3o e comunica\u00e7\u00e3o dos resultados, contribuindo para consolidar o impacto cient\u00edfico e social do projeto.<\/p>\n\n\n\n<p>O cons\u00f3rcio agradece o empenho e a dedica\u00e7\u00e3o de todos os investigadores, t\u00e9cnicos, estudantes, parceiros e membros do Advisory Board, cuja participa\u00e7\u00e3o tem sido determinante para o sucesso do isUP-AgrO. Juntos, continuamos a fortalecer a investiga\u00e7\u00e3o e a inova\u00e7\u00e3o na Regi\u00e3o Aut\u00f3noma da Madeira, afirmando o ISOPlexis como uma refer\u00eancia europeia em Agricultura Sustent\u00e1vel e Tecnologia Alimentar.<\/p>\n\n\n\n<figure class=\"wp-block-image size-full\"><img fetchpriority=\"high\" decoding=\"async\" width=\"1021\" height=\"518\" src=\"https:\/\/isupagro.web.uma.pt\/wp-content\/uploads\/2026\/07\/2.png\" alt=\"\" class=\"wp-image-10958\" srcset=\"https:\/\/isupagro.web.uma.pt\/wp-content\/uploads\/2026\/07\/2.png 1021w, https:\/\/isupagro.web.uma.pt\/wp-content\/uploads\/2026\/07\/2-300x152.png 300w, https:\/\/isupagro.web.uma.pt\/wp-content\/uploads\/2026\/07\/2-768x390.png 768w, https:\/\/isupagro.web.uma.pt\/wp-content\/uploads\/2026\/07\/2-18x9.png 18w\" sizes=\"(max-width: 1021px) 100vw, 1021px\" \/><\/figure>\n\n\n\n<figure class=\"wp-block-image size-large\"><img decoding=\"async\" width=\"1024\" height=\"572\" src=\"https:\/\/isupagro.web.uma.pt\/wp-content\/uploads\/2026\/07\/Captura-de-ecra-2026-07-03-as-11.35.21-1024x572.png\" alt=\"\" class=\"wp-image-10959\" srcset=\"https:\/\/isupagro.web.uma.pt\/wp-content\/uploads\/2026\/07\/Captura-de-ecra-2026-07-03-as-11.35.21-1024x572.png 1024w, https:\/\/isupagro.web.uma.pt\/wp-content\/uploads\/2026\/07\/Captura-de-ecra-2026-07-03-as-11.35.21-300x168.png 300w, https:\/\/isupagro.web.uma.pt\/wp-content\/uploads\/2026\/07\/Captura-de-ecra-2026-07-03-as-11.35.21-768x429.png 768w, https:\/\/isupagro.web.uma.pt\/wp-content\/uploads\/2026\/07\/Captura-de-ecra-2026-07-03-as-11.35.21-1536x859.png 1536w, https:\/\/isupagro.web.uma.pt\/wp-content\/uploads\/2026\/07\/Captura-de-ecra-2026-07-03-as-11.35.21-2048x1145.png 2048w, https:\/\/isupagro.web.uma.pt\/wp-content\/uploads\/2026\/07\/Captura-de-ecra-2026-07-03-as-11.35.21-18x10.png 18w\" sizes=\"(max-width: 1024px) 100vw, 1024px\" \/><\/figure>\n\n\n\n<figure class=\"wp-block-image size-large\"><img decoding=\"async\" width=\"1024\" height=\"599\" src=\"https:\/\/isupagro.web.uma.pt\/wp-content\/uploads\/2026\/07\/Captura-de-ecra-2026-07-03-as-11.36.40-1024x599.png\" alt=\"\" class=\"wp-image-10960\" srcset=\"https:\/\/isupagro.web.uma.pt\/wp-content\/uploads\/2026\/07\/Captura-de-ecra-2026-07-03-as-11.36.40-1024x599.png 1024w, https:\/\/isupagro.web.uma.pt\/wp-content\/uploads\/2026\/07\/Captura-de-ecra-2026-07-03-as-11.36.40-300x176.png 300w, https:\/\/isupagro.web.uma.pt\/wp-content\/uploads\/2026\/07\/Captura-de-ecra-2026-07-03-as-11.36.40-768x449.png 768w, https:\/\/isupagro.web.uma.pt\/wp-content\/uploads\/2026\/07\/Captura-de-ecra-2026-07-03-as-11.36.40-1536x899.png 1536w, https:\/\/isupagro.web.uma.pt\/wp-content\/uploads\/2026\/07\/Captura-de-ecra-2026-07-03-as-11.36.40-2048x1198.png 2048w, https:\/\/isupagro.web.uma.pt\/wp-content\/uploads\/2026\/07\/Captura-de-ecra-2026-07-03-as-11.36.40-18x12.png 18w\" sizes=\"(max-width: 1024px) 100vw, 1024px\" \/><\/figure>\n\n\n\n<p><\/p>\n","protected":false},"excerpt":{"rendered":"<p>No passado dia 3 de julho de 2026, realizou-se a reuni\u00e3o anual de acompanhamento do projeto europeu isUP-AgrO \u2013 Unlocking the Potential for Agricultural Research in an EU Outermost Region: boosting the ISOPlexis centre, assinalando a conclus\u00e3o do segundo ano deste projeto financiado pelo programa Horizon Europe Twinning. A reuni\u00e3o contou com a participa\u00e7\u00e3o de [&hellip;]<\/p>\n","protected":false},"author":3,"featured_media":10957,"comment_status":"closed","ping_status":"closed","sticky":false,"template":"","format":"standard","meta":{"footnotes":""},"categories":[32,37],"tags":[],"class_list":["post-10956","post","type-post","status-publish","format-standard","has-post-thumbnail","hentry","category-atividades","category-comunicacoes-e-disseminacao"],"yoast_head":"<!-- This site is optimized with the Yoast SEO plugin v27.2 - https:\/\/yoast.com\/product\/yoast-seo-wordpress\/ -->\n<title>Reuni\u00e3o Anual assinala o segundo ano do projeto isUP-AgrO - isUP_Agro<\/title>\n<meta name=\"robots\" content=\"index, follow, max-snippet:-1, max-image-preview:large, max-video-preview:-1\" \/>\n<link rel=\"canonical\" href=\"https:\/\/isupagro.web.uma.pt\/pt\/reuniao-anual-assinala-o-segundo-ano-do-projeto-isup-agro\/\" \/>\n<meta property=\"og:locale\" content=\"pt_PT\" \/>\n<meta property=\"og:type\" content=\"article\" \/>\n<meta property=\"og:title\" content=\"Reuni\u00e3o Anual assinala o segundo ano do projeto isUP-AgrO - isUP_Agro\" \/>\n<meta property=\"og:description\" content=\"No passado dia 3 de julho de 2026, realizou-se a reuni\u00e3o anual de acompanhamento do projeto europeu isUP-AgrO \u2013 Unlocking the Potential for Agricultural Research in an EU Outermost Region: boosting the ISOPlexis centre, assinalando a conclus\u00e3o do segundo ano deste projeto financiado pelo programa Horizon Europe Twinning. A reuni\u00e3o contou com a participa\u00e7\u00e3o de [&hellip;]\" \/>\n<meta property=\"og:url\" content=\"https:\/\/isupagro.web.uma.pt\/pt\/reuniao-anual-assinala-o-segundo-ano-do-projeto-isup-agro\/\" \/>\n<meta property=\"og:site_name\" content=\"isUP_Agro\" \/>\n<meta property=\"article:published_time\" content=\"2026-07-17T14:19:22+00:00\" \/>\n<meta property=\"article:modified_time\" content=\"2026-07-17T14:19:23+00:00\" \/>\n<meta property=\"og:image\" content=\"https:\/\/isupagro.web.uma.pt\/wp-content\/uploads\/2026\/07\/Destaque-1024x565.png\" \/>\n\t<meta property=\"og:image:width\" content=\"1024\" \/>\n\t<meta property=\"og:image:height\" content=\"565\" \/>\n\t<meta property=\"og:image:type\" content=\"image\/png\" \/>\n<meta name=\"author\" content=\"isupagro\" \/>\n<meta name=\"twitter:card\" content=\"summary_large_image\" \/>\n<meta name=\"twitter:label1\" content=\"Escrito por\" \/>\n\t<meta name=\"twitter:data1\" content=\"isupagro\" \/>\n\t<meta name=\"twitter:label2\" content=\"Tempo estimado de leitura\" \/>\n\t<meta name=\"twitter:data2\" content=\"3 minutos\" \/>\n<script type=\"application\/ld+json\" class=\"yoast-schema-graph\">{\"@context\":\"https:\/\/schema.org\",\"@graph\":[{\"@type\":\"Article\",\"@id\":\"https:\/\/isupagro.web.uma.pt\/reuniao-anual-assinala-o-segundo-ano-do-projeto-isup-agro\/#article\",\"isPartOf\":{\"@id\":\"https:\/\/isupagro.web.uma.pt\/reuniao-anual-assinala-o-segundo-ano-do-projeto-isup-agro\/\"},\"author\":{\"name\":\"isupagro\",\"@id\":\"https:\/\/isupagro.web.uma.pt\/pt\/#\/schema\/person\/b816290fc350bc85f669eb8e3b3c86d6\"},\"headline\":\"Reuni\u00e3o Anual assinala o segundo ano do projeto isUP-AgrO\",\"datePublished\":\"2026-07-17T14:19:22+00:00\",\"dateModified\":\"2026-07-17T14:19:23+00:00\",\"mainEntityOfPage\":{\"@id\":\"https:\/\/isupagro.web.uma.pt\/reuniao-anual-assinala-o-segundo-ano-do-projeto-isup-agro\/\"},\"wordCount\":391,\"publisher\":{\"@id\":\"https:\/\/isupagro.web.uma.pt\/pt\/#organization\"},\"image\":{\"@id\":\"https:\/\/isupagro.web.uma.pt\/reuniao-anual-assinala-o-segundo-ano-do-projeto-isup-agro\/#primaryimage\"},\"thumbnailUrl\":\"https:\/\/isupagro.web.uma.pt\/wp-content\/uploads\/2026\/07\/Destaque-scaled.png\",\"articleSection\":[\"Atividades\",\"Comunica\u00e7\u00f5es e Dissemina\u00e7\u00e3o\"],\"inLanguage\":\"pt-PT\"},{\"@type\":\"WebPage\",\"@id\":\"https:\/\/isupagro.web.uma.pt\/reuniao-anual-assinala-o-segundo-ano-do-projeto-isup-agro\/\",\"url\":\"https:\/\/isupagro.web.uma.pt\/reuniao-anual-assinala-o-segundo-ano-do-projeto-isup-agro\/\",\"name\":\"Reuni\u00e3o Anual assinala o segundo ano do projeto isUP-AgrO - isUP_Agro\",\"isPartOf\":{\"@id\":\"https:\/\/isupagro.web.uma.pt\/pt\/#website\"},\"primaryImageOfPage\":{\"@id\":\"https:\/\/isupagro.web.uma.pt\/reuniao-anual-assinala-o-segundo-ano-do-projeto-isup-agro\/#primaryimage\"},\"image\":{\"@id\":\"https:\/\/isupagro.web.uma.pt\/reuniao-anual-assinala-o-segundo-ano-do-projeto-isup-agro\/#primaryimage\"},\"thumbnailUrl\":\"https:\/\/isupagro.web.uma.pt\/wp-content\/uploads\/2026\/07\/Destaque-scaled.png\",\"datePublished\":\"2026-07-17T14:19:22+00:00\",\"dateModified\":\"2026-07-17T14:19:23+00:00\",\"breadcrumb\":{\"@id\":\"https:\/\/isupagro.web.uma.pt\/reuniao-anual-assinala-o-segundo-ano-do-projeto-isup-agro\/#breadcrumb\"},\"inLanguage\":\"pt-PT\",\"potentialAction\":[{\"@type\":\"ReadAction\",\"target\":[\"https:\/\/isupagro.web.uma.pt\/reuniao-anual-assinala-o-segundo-ano-do-projeto-isup-agro\/\"]}]},{\"@type\":\"ImageObject\",\"inLanguage\":\"pt-PT\",\"@id\":\"https:\/\/isupagro.web.uma.pt\/reuniao-anual-assinala-o-segundo-ano-do-projeto-isup-agro\/#primaryimage\",\"url\":\"https:\/\/isupagro.web.uma.pt\/wp-content\/uploads\/2026\/07\/Destaque-scaled.png\",\"contentUrl\":\"https:\/\/isupagro.web.uma.pt\/wp-content\/uploads\/2026\/07\/Destaque-scaled.png\",\"width\":2560,\"height\":1412},{\"@type\":\"BreadcrumbList\",\"@id\":\"https:\/\/isupagro.web.uma.pt\/reuniao-anual-assinala-o-segundo-ano-do-projeto-isup-agro\/#breadcrumb\",\"itemListElement\":[{\"@type\":\"ListItem\",\"position\":1,\"name\":\"In\u00edcio\",\"item\":\"https:\/\/isupagro.web.uma.pt\/\"},{\"@type\":\"ListItem\",\"position\":2,\"name\":\"Reuni\u00e3o Anual assinala o segundo ano do projeto isUP-AgrO\"}]},{\"@type\":\"WebSite\",\"@id\":\"https:\/\/isupagro.web.uma.pt\/pt\/#website\",\"url\":\"https:\/\/isupagro.web.uma.pt\/pt\/\",\"name\":\"isUP_Agro\",\"description\":\"\",\"publisher\":{\"@id\":\"https:\/\/isupagro.web.uma.pt\/pt\/#organization\"},\"potentialAction\":[{\"@type\":\"SearchAction\",\"target\":{\"@type\":\"EntryPoint\",\"urlTemplate\":\"https:\/\/isupagro.web.uma.pt\/pt\/?s={search_term_string}\"},\"query-input\":{\"@type\":\"PropertyValueSpecification\",\"valueRequired\":true,\"valueName\":\"search_term_string\"}}],\"inLanguage\":\"pt-PT\"},{\"@type\":\"Organization\",\"@id\":\"https:\/\/isupagro.web.uma.pt\/pt\/#organization\",\"name\":\"isUP_Agro\",\"url\":\"https:\/\/isupagro.web.uma.pt\/pt\/\",\"logo\":{\"@type\":\"ImageObject\",\"inLanguage\":\"pt-PT\",\"@id\":\"https:\/\/isupagro.web.uma.pt\/pt\/#\/schema\/logo\/image\/\",\"url\":\"https:\/\/isupagro.web.uma.pt\/wp-content\/uploads\/2024\/10\/cropped-isUP-AgrO-v1.png\",\"contentUrl\":\"https:\/\/isupagro.web.uma.pt\/wp-content\/uploads\/2024\/10\/cropped-isUP-AgrO-v1.png\",\"width\":1000,\"height\":249,\"caption\":\"isUP_Agro\"},\"image\":{\"@id\":\"https:\/\/isupagro.web.uma.pt\/pt\/#\/schema\/logo\/image\/\"},\"sameAs\":[\"https:\/\/pt.linkedin.com\/showcase\/isup-agro\/\"]},{\"@type\":\"Person\",\"@id\":\"https:\/\/isupagro.web.uma.pt\/pt\/#\/schema\/person\/b816290fc350bc85f669eb8e3b3c86d6\",\"name\":\"isupagro\",\"image\":{\"@type\":\"ImageObject\",\"inLanguage\":\"pt-PT\",\"@id\":\"https:\/\/secure.gravatar.com\/avatar\/124a2b392d9f930b57bc29837defb2cbe5c53b7656d6849d1f6a7da307d075f8?s=96&d=mm&r=g\",\"url\":\"https:\/\/secure.gravatar.com\/avatar\/124a2b392d9f930b57bc29837defb2cbe5c53b7656d6849d1f6a7da307d075f8?s=96&d=mm&r=g\",\"contentUrl\":\"https:\/\/secure.gravatar.com\/avatar\/124a2b392d9f930b57bc29837defb2cbe5c53b7656d6849d1f6a7da307d075f8?s=96&d=mm&r=g\",\"caption\":\"isupagro\"},\"url\":\"https:\/\/isupagro.web.uma.pt\/pt\/author\/isupagro\/\"}]}<\/script>\n<!-- \/ Yoast SEO plugin. -->","yoast_head_json":{"title":"Reuni\u00e3o Anual assinala o segundo ano do projeto isUP-AgrO - isUP_Agro","robots":{"index":"index","follow":"follow","max-snippet":"max-snippet:-1","max-image-preview":"max-image-preview:large","max-video-preview":"max-video-preview:-1"},"canonical":"https:\/\/isupagro.web.uma.pt\/pt\/reuniao-anual-assinala-o-segundo-ano-do-projeto-isup-agro\/","og_locale":"pt_PT","og_type":"article","og_title":"Reuni\u00e3o Anual assinala o segundo ano do projeto isUP-AgrO - isUP_Agro","og_description":"No passado dia 3 de julho de 2026, realizou-se a reuni\u00e3o anual de acompanhamento do projeto europeu isUP-AgrO \u2013 Unlocking the Potential for Agricultural Research in an EU Outermost Region: boosting the ISOPlexis centre, assinalando a conclus\u00e3o do segundo ano deste projeto financiado pelo programa Horizon Europe Twinning. A reuni\u00e3o contou com a participa\u00e7\u00e3o de [&hellip;]","og_url":"https:\/\/isupagro.web.uma.pt\/pt\/reuniao-anual-assinala-o-segundo-ano-do-projeto-isup-agro\/","og_site_name":"isUP_Agro","article_published_time":"2026-07-17T14:19:22+00:00","article_modified_time":"2026-07-17T14:19:23+00:00","og_image":[{"width":1024,"height":565,"url":"https:\/\/isupagro.web.uma.pt\/wp-content\/uploads\/2026\/07\/Destaque-1024x565.png","type":"image\/png"}],"author":"isupagro","twitter_card":"summary_large_image","twitter_misc":{"Escrito por":"isupagro","Tempo estimado de leitura":"3 minutos"},"schema":{"@context":"https:\/\/schema.org","@graph":[{"@type":"Article","@id":"https:\/\/isupagro.web.uma.pt\/reuniao-anual-assinala-o-segundo-ano-do-projeto-isup-agro\/#article","isPartOf":{"@id":"https:\/\/isupagro.web.uma.pt\/reuniao-anual-assinala-o-segundo-ano-do-projeto-isup-agro\/"},"author":{"name":"isupagro","@id":"https:\/\/isupagro.web.uma.pt\/pt\/#\/schema\/person\/b816290fc350bc85f669eb8e3b3c86d6"},"headline":"Reuni\u00e3o Anual assinala o segundo ano do projeto isUP-AgrO","datePublished":"2026-07-17T14:19:22+00:00","dateModified":"2026-07-17T14:19:23+00:00","mainEntityOfPage":{"@id":"https:\/\/isupagro.web.uma.pt\/reuniao-anual-assinala-o-segundo-ano-do-projeto-isup-agro\/"},"wordCount":391,"publisher":{"@id":"https:\/\/isupagro.web.uma.pt\/pt\/#organization"},"image":{"@id":"https:\/\/isupagro.web.uma.pt\/reuniao-anual-assinala-o-segundo-ano-do-projeto-isup-agro\/#primaryimage"},"thumbnailUrl":"https:\/\/isupagro.web.uma.pt\/wp-content\/uploads\/2026\/07\/Destaque-scaled.png","articleSection":["Atividades","Comunica\u00e7\u00f5es e Dissemina\u00e7\u00e3o"],"inLanguage":"pt-PT"},{"@type":"WebPage","@id":"https:\/\/isupagro.web.uma.pt\/reuniao-anual-assinala-o-segundo-ano-do-projeto-isup-agro\/","url":"https:\/\/isupagro.web.uma.pt\/reuniao-anual-assinala-o-segundo-ano-do-projeto-isup-agro\/","name":"Reuni\u00e3o Anual assinala o segundo ano do projeto isUP-AgrO - isUP_Agro","isPartOf":{"@id":"https:\/\/isupagro.web.uma.pt\/pt\/#website"},"primaryImageOfPage":{"@id":"https:\/\/isupagro.web.uma.pt\/reuniao-anual-assinala-o-segundo-ano-do-projeto-isup-agro\/#primaryimage"},"image":{"@id":"https:\/\/isupagro.web.uma.pt\/reuniao-anual-assinala-o-segundo-ano-do-projeto-isup-agro\/#primaryimage"},"thumbnailUrl":"https:\/\/isupagro.web.uma.pt\/wp-content\/uploads\/2026\/07\/Destaque-scaled.png","datePublished":"2026-07-17T14:19:22+00:00","dateModified":"2026-07-17T14:19:23+00:00","breadcrumb":{"@id":"https:\/\/isupagro.web.uma.pt\/reuniao-anual-assinala-o-segundo-ano-do-projeto-isup-agro\/#breadcrumb"},"inLanguage":"pt-PT","potentialAction":[{"@type":"ReadAction","target":["https:\/\/isupagro.web.uma.pt\/reuniao-anual-assinala-o-segundo-ano-do-projeto-isup-agro\/"]}]},{"@type":"ImageObject","inLanguage":"pt-PT","@id":"https:\/\/isupagro.web.uma.pt\/reuniao-anual-assinala-o-segundo-ano-do-projeto-isup-agro\/#primaryimage","url":"https:\/\/isupagro.web.uma.pt\/wp-content\/uploads\/2026\/07\/Destaque-scaled.png","contentUrl":"https:\/\/isupagro.web.uma.pt\/wp-content\/uploads\/2026\/07\/Destaque-scaled.png","width":2560,"height":1412},{"@type":"BreadcrumbList","@id":"https:\/\/isupagro.web.uma.pt\/reuniao-anual-assinala-o-segundo-ano-do-projeto-isup-agro\/#breadcrumb","itemListElement":[{"@type":"ListItem","position":1,"name":"In\u00edcio","item":"https:\/\/isupagro.web.uma.pt\/"},{"@type":"ListItem","position":2,"name":"Reuni\u00e3o Anual assinala o segundo ano do projeto isUP-AgrO"}]},{"@type":"WebSite","@id":"https:\/\/isupagro.web.uma.pt\/pt\/#website","url":"https:\/\/isupagro.web.uma.pt\/pt\/","name":"isUP_Agro","description":"","publisher":{"@id":"https:\/\/isupagro.web.uma.pt\/pt\/#organization"},"potentialAction":[{"@type":"SearchAction","target":{"@type":"EntryPoint","urlTemplate":"https:\/\/isupagro.web.uma.pt\/pt\/?s={search_term_string}"},"query-input":{"@type":"PropertyValueSpecification","valueRequired":true,"valueName":"search_term_string"}}],"inLanguage":"pt-PT"},{"@type":"Organization","@id":"https:\/\/isupagro.web.uma.pt\/pt\/#organization","name":"isUP_Agro","url":"https:\/\/isupagro.web.uma.pt\/pt\/","logo":{"@type":"ImageObject","inLanguage":"pt-PT","@id":"https:\/\/isupagro.web.uma.pt\/pt\/#\/schema\/logo\/image\/","url":"https:\/\/isupagro.web.uma.pt\/wp-content\/uploads\/2024\/10\/cropped-isUP-AgrO-v1.png","contentUrl":"https:\/\/isupagro.web.uma.pt\/wp-content\/uploads\/2024\/10\/cropped-isUP-AgrO-v1.png","width":1000,"height":249,"caption":"isUP_Agro"},"image":{"@id":"https:\/\/isupagro.web.uma.pt\/pt\/#\/schema\/logo\/image\/"},"sameAs":["https:\/\/pt.linkedin.com\/showcase\/isup-agro\/"]},{"@type":"Person","@id":"https:\/\/isupagro.web.uma.pt\/pt\/#\/schema\/person\/b816290fc350bc85f669eb8e3b3c86d6","name":"isupagro","image":{"@type":"ImageObject","inLanguage":"pt-PT","@id":"https:\/\/secure.gravatar.com\/avatar\/124a2b392d9f930b57bc29837defb2cbe5c53b7656d6849d1f6a7da307d075f8?s=96&d=mm&r=g","url":"https:\/\/secure.gravatar.com\/avatar\/124a2b392d9f930b57bc29837defb2cbe5c53b7656d6849d1f6a7da307d075f8?s=96&d=mm&r=g","contentUrl":"https:\/\/secure.gravatar.com\/avatar\/124a2b392d9f930b57bc29837defb2cbe5c53b7656d6849d1f6a7da307d075f8?s=96&d=mm&r=g","caption":"isupagro"},"url":"https:\/\/isupagro.web.uma.pt\/pt\/author\/isupagro\/"}]}},"_links":{"self":[{"href":"https:\/\/isupagro.web.uma.pt\/pt\/wp-json\/wp\/v2\/posts\/10956","targetHints":{"allow":["GET"]}}],"collection":[{"href":"https:\/\/isupagro.web.uma.pt\/pt\/wp-json\/wp\/v2\/posts"}],"about":[{"href":"https:\/\/isupagro.web.uma.pt\/pt\/wp-json\/wp\/v2\/types\/post"}],"author":[{"embeddable":true,"href":"https:\/\/isupagro.web.uma.pt\/pt\/wp-json\/wp\/v2\/users\/3"}],"replies":[{"embeddable":true,"href":"https:\/\/isupagro.web.uma.pt\/pt\/wp-json\/wp\/v2\/comments?post=10956"}],"version-history":[{"count":1,"href":"https:\/\/isupagro.web.uma.pt\/pt\/wp-json\/wp\/v2\/posts\/10956\/revisions"}],"predecessor-version":[{"id":10961,"href":"https:\/\/isupagro.web.uma.pt\/pt\/wp-json\/wp\/v2\/posts\/10956\/revisions\/10961"}],"wp:featuredmedia":[{"embeddable":true,"href":"https:\/\/isupagro.web.uma.pt\/pt\/wp-json\/wp\/v2\/media\/10957"}],"wp:attachment":[{"href":"https:\/\/isupagro.web.uma.pt\/pt\/wp-json\/wp\/v2\/media?parent=10956"}],"wp:term":[{"taxonomy":"category","embeddable":true,"href":"https:\/\/isupagro.web.uma.pt\/pt\/wp-json\/wp\/v2\/categories?post=10956"},{"taxonomy":"post_tag","embeddable":true,"href":"https:\/\/isupagro.web.uma.pt\/pt\/wp-json\/wp\/v2\/tags?post=10956"}],"curies":[{"name":"wp","href":"https:\/\/api.w.org\/{rel}","templated":true}]}}