{"id":11010,"date":"2026-08-03T14:52:15","date_gmt":"2026-08-03T14:52:15","guid":{"rendered":"https:\/\/isupagro.web.uma.pt\/?p=11010"},"modified":"2026-08-03T14:52:15","modified_gmt":"2026-08-03T14:52:15","slug":"apresentacao-das-atividades-de-formacao-do-staff-exchange-valorizacao-de-produtos-e-subprodutos","status":"publish","type":"post","link":"https:\/\/isupagro.web.uma.pt\/en\/apresentacao-das-atividades-de-formacao-do-staff-exchange-valorizacao-de-produtos-e-subprodutos\/","title":{"rendered":"Presentation of the Staff Exchange Training Activities \u2013 Valorization of Products and By-products"},"content":{"rendered":"<p>On 29 June 2026, visiting researchers Carla Gouveia and Carla Lopes from the ISOPlexis Center, visiting researcher Fabr\u00edcio Macedo, and PhD student and associate member Sofia Valente presented the outcomes of the Staff Exchange \u2013 Valorization of Products and By-products, carried out within the framework of the isUP-AgrO project. The exchange took place from 18 May to 5 June 2026 at the Department of Food and Drug of the University of Parma (UNIPR), Parma, Italy.<\/p>\n\n\n\n<p>During the session, the participants shared the knowledge and experience gained throughout the training programme, which was designed to strengthen scientific and technical expertise in the sustainable valorization of agri-food products and their by-products through the application of advanced proteomics and metabolomics methodologies.<\/p>\n\n\n\n<p>The presentation showcased the main activities carried out during the exchange, highlighting the laboratory methodologies and state-of-the-art technologies used at UNIPR. These included biorefinery approaches for the valorization of grape residues, the extraction and characterization of grape proteins using bioinformatics tools, metabolomics studies based on proton nuclear magnetic resonance (1H NMR) spectroscopy to characterize the molecular composition of grapes, as well as bioinformatics-based data processing and interpretation.<\/p>\n\n\n\n<p>The session concluded with the sharing of photographs illustrating both the stay in Parma and the activities conducted at the University of Parma. Overall, Staff Exchange provided a valuable scientific and professional development opportunities, promoting knowledge exchange, technology transfer, and strengthening the international collaboration between the University of Madeira and the University of Parma.<\/p>\n\n\n\n<p>The expertise acquired during the programme will contribute to enhancing the ISOPlexis Center's research capacity in the fields of sustainability, food innovation, and the circular economy, while further advancing the scientific objectives of the isUP-AgrO project.<\/p>\n\n\n\n<div class=\"wp-block-group is-nowrap is-layout-flex wp-container-core-group-is-layout-ad2f72ca wp-block-group-is-layout-flex\">\n<figure class=\"wp-block-image size-large\"><img fetchpriority=\"high\" decoding=\"async\" width=\"768\" height=\"1024\" src=\"https:\/\/isupagro.web.uma.pt\/wp-content\/uploads\/2026\/08\/WhatsApp-Image-2026-07-30-at-15.51.49-4-768x1024.jpeg\" alt=\"\" class=\"wp-image-11004\" srcset=\"https:\/\/isupagro.web.uma.pt\/wp-content\/uploads\/2026\/08\/WhatsApp-Image-2026-07-30-at-15.51.49-4-768x1024.jpeg 768w, https:\/\/isupagro.web.uma.pt\/wp-content\/uploads\/2026\/08\/WhatsApp-Image-2026-07-30-at-15.51.49-4-225x300.jpeg 225w, https:\/\/isupagro.web.uma.pt\/wp-content\/uploads\/2026\/08\/WhatsApp-Image-2026-07-30-at-15.51.49-4-1152x1536.jpeg 1152w, https:\/\/isupagro.web.uma.pt\/wp-content\/uploads\/2026\/08\/WhatsApp-Image-2026-07-30-at-15.51.49-4-9x12.jpeg 9w, https:\/\/isupagro.web.uma.pt\/wp-content\/uploads\/2026\/08\/WhatsApp-Image-2026-07-30-at-15.51.49-4.jpeg 1536w\" sizes=\"(max-width: 768px) 100vw, 768px\" \/><\/figure>\n\n\n\n<figure class=\"wp-block-image size-large\"><img decoding=\"async\" width=\"768\" height=\"1024\" src=\"https:\/\/isupagro.web.uma.pt\/wp-content\/uploads\/2026\/08\/WhatsApp-Image-2026-07-30-at-15.51.49-768x1024.jpeg\" alt=\"\" class=\"wp-image-11005\" srcset=\"https:\/\/isupagro.web.uma.pt\/wp-content\/uploads\/2026\/08\/WhatsApp-Image-2026-07-30-at-15.51.49-768x1024.jpeg 768w, https:\/\/isupagro.web.uma.pt\/wp-content\/uploads\/2026\/08\/WhatsApp-Image-2026-07-30-at-15.51.49-225x300.jpeg 225w, https:\/\/isupagro.web.uma.pt\/wp-content\/uploads\/2026\/08\/WhatsApp-Image-2026-07-30-at-15.51.49-1152x1536.jpeg 1152w, https:\/\/isupagro.web.uma.pt\/wp-content\/uploads\/2026\/08\/WhatsApp-Image-2026-07-30-at-15.51.49-9x12.jpeg 9w, https:\/\/isupagro.web.uma.pt\/wp-content\/uploads\/2026\/08\/WhatsApp-Image-2026-07-30-at-15.51.49.jpeg 1536w\" sizes=\"(max-width: 768px) 100vw, 768px\" \/><\/figure>\n<\/div>\n\n\n\n<figure class=\"wp-block-image size-large\"><img decoding=\"async\" width=\"1024\" height=\"768\" src=\"https:\/\/isupagro.web.uma.pt\/wp-content\/uploads\/2026\/08\/7-1024x768.jpg\" alt=\"\" class=\"wp-image-11006\" srcset=\"https:\/\/isupagro.web.uma.pt\/wp-content\/uploads\/2026\/08\/7-1024x768.jpg 1024w, https:\/\/isupagro.web.uma.pt\/wp-content\/uploads\/2026\/08\/7-300x225.jpg 300w, https:\/\/isupagro.web.uma.pt\/wp-content\/uploads\/2026\/08\/7-768x576.jpg 768w, https:\/\/isupagro.web.uma.pt\/wp-content\/uploads\/2026\/08\/7-1536x1152.jpg 1536w, https:\/\/isupagro.web.uma.pt\/wp-content\/uploads\/2026\/08\/7-2048x1536.jpg 2048w, https:\/\/isupagro.web.uma.pt\/wp-content\/uploads\/2026\/08\/7-16x12.jpg 16w\" sizes=\"(max-width: 1024px) 100vw, 1024px\" \/><\/figure>\n\n\n\n<figure class=\"wp-block-image size-large is-resized\"><img loading=\"lazy\" decoding=\"async\" width=\"768\" height=\"1024\" src=\"https:\/\/isupagro.web.uma.pt\/wp-content\/uploads\/2026\/08\/WhatsApp-Image-2026-07-30-at-15.51.49-2-768x1024.jpeg\" alt=\"\" class=\"wp-image-11003\" style=\"aspect-ratio:0.7500035468539406;width:840px;height:auto\" srcset=\"https:\/\/isupagro.web.uma.pt\/wp-content\/uploads\/2026\/08\/WhatsApp-Image-2026-07-30-at-15.51.49-2-768x1024.jpeg 768w, https:\/\/isupagro.web.uma.pt\/wp-content\/uploads\/2026\/08\/WhatsApp-Image-2026-07-30-at-15.51.49-2-225x300.jpeg 225w, https:\/\/isupagro.web.uma.pt\/wp-content\/uploads\/2026\/08\/WhatsApp-Image-2026-07-30-at-15.51.49-2-1152x1536.jpeg 1152w, https:\/\/isupagro.web.uma.pt\/wp-content\/uploads\/2026\/08\/WhatsApp-Image-2026-07-30-at-15.51.49-2-9x12.jpeg 9w, https:\/\/isupagro.web.uma.pt\/wp-content\/uploads\/2026\/08\/WhatsApp-Image-2026-07-30-at-15.51.49-2.jpeg 1536w\" sizes=\"(max-width: 768px) 100vw, 768px\" \/><\/figure>\n\n\n\n<p><\/p>","protected":false},"excerpt":{"rendered":"<p>No dia 29 de junho de 2026, as investigadoras convidadas do Centro ISOPlexis Carla Gouveia e Carla Lopes, o investigador convidado Fabr\u00edcio Macedo e a estudante de Doutoramento e membro associado Sofia Valente apresentaram aos restantes membros do Centro ISOPlexis os resultados do Staff Exchange \u2013 Valorization of products and by-products do projeto isUP-AgrO, realizado [&hellip;]<\/p>\n","protected":false},"author":3,"featured_media":11007,"comment_status":"closed","ping_status":"closed","sticky":false,"template":"","format":"standard","meta":{"footnotes":""},"categories":[32,35,36],"tags":[],"class_list":["post-11010","post","type-post","status-publish","format-standard","has-post-thumbnail","hentry","category-atividades","category-formacoes-e-workshops-internacionais","category-intercambio-de-pessoal"],"yoast_head":"<!-- This site is optimized with the Yoast SEO plugin v27.2 - https:\/\/yoast.com\/product\/yoast-seo-wordpress\/ -->\n<title>Apresenta\u00e7\u00e3o das atividades de forma\u00e7\u00e3o do Staff Exchange \u2013 Valoriza\u00e7\u00e3o de Produtos e Subprodutos - isUP_Agro<\/title>\n<meta name=\"robots\" content=\"index, follow, max-snippet:-1, max-image-preview:large, max-video-preview:-1\" \/>\n<link rel=\"canonical\" href=\"https:\/\/isupagro.web.uma.pt\/en\/apresentacao-das-atividades-de-formacao-do-staff-exchange-valorizacao-de-produtos-e-subprodutos\/\" \/>\n<meta property=\"og:locale\" content=\"en_GB\" \/>\n<meta property=\"og:type\" content=\"article\" \/>\n<meta property=\"og:title\" content=\"Apresenta\u00e7\u00e3o das atividades de forma\u00e7\u00e3o do Staff Exchange \u2013 Valoriza\u00e7\u00e3o de Produtos e Subprodutos - isUP_Agro\" \/>\n<meta property=\"og:description\" content=\"No dia 29 de junho de 2026, as investigadoras convidadas do Centro ISOPlexis Carla Gouveia e Carla Lopes, o investigador convidado Fabr\u00edcio Macedo e a estudante de Doutoramento e membro associado Sofia Valente apresentaram aos restantes membros do Centro ISOPlexis os resultados do Staff Exchange \u2013 Valorization of products and by-products do projeto isUP-AgrO, realizado [&hellip;]\" \/>\n<meta property=\"og:url\" content=\"https:\/\/isupagro.web.uma.pt\/en\/apresentacao-das-atividades-de-formacao-do-staff-exchange-valorizacao-de-produtos-e-subprodutos\/\" \/>\n<meta property=\"og:site_name\" content=\"isUP_Agro\" \/>\n<meta property=\"article:published_time\" content=\"2026-08-03T14:52:15+00:00\" \/>\n<meta property=\"og:image\" content=\"https:\/\/isupagro.web.uma.pt\/wp-content\/uploads\/2026\/08\/Destaque.jpeg\" \/>\n\t<meta property=\"og:image:width\" content=\"1536\" \/>\n\t<meta property=\"og:image:height\" content=\"2048\" \/>\n\t<meta property=\"og:image:type\" content=\"image\/jpeg\" \/>\n<meta name=\"author\" content=\"isupagro\" \/>\n<meta name=\"twitter:card\" content=\"summary_large_image\" \/>\n<meta name=\"twitter:label1\" content=\"Written by\" \/>\n\t<meta name=\"twitter:data1\" content=\"isupagro\" \/>\n\t<meta name=\"twitter:label2\" content=\"Estimated reading time\" \/>\n\t<meta name=\"twitter:data2\" content=\"3 minutes\" \/>\n<script type=\"application\/ld+json\" class=\"yoast-schema-graph\">{\"@context\":\"https:\/\/schema.org\",\"@graph\":[{\"@type\":\"Article\",\"@id\":\"https:\/\/isupagro.web.uma.pt\/apresentacao-das-atividades-de-formacao-do-staff-exchange-valorizacao-de-produtos-e-subprodutos\/#article\",\"isPartOf\":{\"@id\":\"https:\/\/isupagro.web.uma.pt\/apresentacao-das-atividades-de-formacao-do-staff-exchange-valorizacao-de-produtos-e-subprodutos\/\"},\"author\":{\"name\":\"isupagro\",\"@id\":\"https:\/\/isupagro.web.uma.pt\/pt\/#\/schema\/person\/b816290fc350bc85f669eb8e3b3c86d6\"},\"headline\":\"Apresenta\u00e7\u00e3o das atividades de forma\u00e7\u00e3o do Staff Exchange \u2013 Valoriza\u00e7\u00e3o de Produtos e Subprodutos\",\"datePublished\":\"2026-08-03T14:52:15+00:00\",\"mainEntityOfPage\":{\"@id\":\"https:\/\/isupagro.web.uma.pt\/apresentacao-das-atividades-de-formacao-do-staff-exchange-valorizacao-de-produtos-e-subprodutos\/\"},\"wordCount\":346,\"publisher\":{\"@id\":\"https:\/\/isupagro.web.uma.pt\/pt\/#organization\"},\"image\":{\"@id\":\"https:\/\/isupagro.web.uma.pt\/apresentacao-das-atividades-de-formacao-do-staff-exchange-valorizacao-de-produtos-e-subprodutos\/#primaryimage\"},\"thumbnailUrl\":\"https:\/\/isupagro.web.uma.pt\/wp-content\/uploads\/2026\/08\/Destaque.jpeg\",\"articleSection\":[\"Atividades\",\"Forma\u00e7\u00f5es e Workshops Internacionais\",\"Interc\u00e2mbio de Pessoal\"],\"inLanguage\":\"en-GB\"},{\"@type\":\"WebPage\",\"@id\":\"https:\/\/isupagro.web.uma.pt\/apresentacao-das-atividades-de-formacao-do-staff-exchange-valorizacao-de-produtos-e-subprodutos\/\",\"url\":\"https:\/\/isupagro.web.uma.pt\/apresentacao-das-atividades-de-formacao-do-staff-exchange-valorizacao-de-produtos-e-subprodutos\/\",\"name\":\"Apresenta\u00e7\u00e3o das atividades de forma\u00e7\u00e3o do Staff Exchange \u2013 Valoriza\u00e7\u00e3o de Produtos e Subprodutos - isUP_Agro\",\"isPartOf\":{\"@id\":\"https:\/\/isupagro.web.uma.pt\/pt\/#website\"},\"primaryImageOfPage\":{\"@id\":\"https:\/\/isupagro.web.uma.pt\/apresentacao-das-atividades-de-formacao-do-staff-exchange-valorizacao-de-produtos-e-subprodutos\/#primaryimage\"},\"image\":{\"@id\":\"https:\/\/isupagro.web.uma.pt\/apresentacao-das-atividades-de-formacao-do-staff-exchange-valorizacao-de-produtos-e-subprodutos\/#primaryimage\"},\"thumbnailUrl\":\"https:\/\/isupagro.web.uma.pt\/wp-content\/uploads\/2026\/08\/Destaque.jpeg\",\"datePublished\":\"2026-08-03T14:52:15+00:00\",\"breadcrumb\":{\"@id\":\"https:\/\/isupagro.web.uma.pt\/apresentacao-das-atividades-de-formacao-do-staff-exchange-valorizacao-de-produtos-e-subprodutos\/#breadcrumb\"},\"inLanguage\":\"en-GB\",\"potentialAction\":[{\"@type\":\"ReadAction\",\"target\":[\"https:\/\/isupagro.web.uma.pt\/apresentacao-das-atividades-de-formacao-do-staff-exchange-valorizacao-de-produtos-e-subprodutos\/\"]}]},{\"@type\":\"ImageObject\",\"inLanguage\":\"en-GB\",\"@id\":\"https:\/\/isupagro.web.uma.pt\/apresentacao-das-atividades-de-formacao-do-staff-exchange-valorizacao-de-produtos-e-subprodutos\/#primaryimage\",\"url\":\"https:\/\/isupagro.web.uma.pt\/wp-content\/uploads\/2026\/08\/Destaque.jpeg\",\"contentUrl\":\"https:\/\/isupagro.web.uma.pt\/wp-content\/uploads\/2026\/08\/Destaque.jpeg\",\"width\":1536,\"height\":2048},{\"@type\":\"BreadcrumbList\",\"@id\":\"https:\/\/isupagro.web.uma.pt\/apresentacao-das-atividades-de-formacao-do-staff-exchange-valorizacao-de-produtos-e-subprodutos\/#breadcrumb\",\"itemListElement\":[{\"@type\":\"ListItem\",\"position\":1,\"name\":\"In\u00edcio\",\"item\":\"https:\/\/isupagro.web.uma.pt\/\"},{\"@type\":\"ListItem\",\"position\":2,\"name\":\"Apresenta\u00e7\u00e3o das atividades de forma\u00e7\u00e3o do Staff Exchange \u2013 Valoriza\u00e7\u00e3o de Produtos e Subprodutos\"}]},{\"@type\":\"WebSite\",\"@id\":\"https:\/\/isupagro.web.uma.pt\/pt\/#website\",\"url\":\"https:\/\/isupagro.web.uma.pt\/pt\/\",\"name\":\"isUP_Agro\",\"description\":\"\",\"publisher\":{\"@id\":\"https:\/\/isupagro.web.uma.pt\/pt\/#organization\"},\"potentialAction\":[{\"@type\":\"SearchAction\",\"target\":{\"@type\":\"EntryPoint\",\"urlTemplate\":\"https:\/\/isupagro.web.uma.pt\/pt\/?s={search_term_string}\"},\"query-input\":{\"@type\":\"PropertyValueSpecification\",\"valueRequired\":true,\"valueName\":\"search_term_string\"}}],\"inLanguage\":\"en-GB\"},{\"@type\":\"Organization\",\"@id\":\"https:\/\/isupagro.web.uma.pt\/pt\/#organization\",\"name\":\"isUP_Agro\",\"url\":\"https:\/\/isupagro.web.uma.pt\/pt\/\",\"logo\":{\"@type\":\"ImageObject\",\"inLanguage\":\"en-GB\",\"@id\":\"https:\/\/isupagro.web.uma.pt\/pt\/#\/schema\/logo\/image\/\",\"url\":\"https:\/\/isupagro.web.uma.pt\/wp-content\/uploads\/2024\/10\/cropped-isUP-AgrO-v1.png\",\"contentUrl\":\"https:\/\/isupagro.web.uma.pt\/wp-content\/uploads\/2024\/10\/cropped-isUP-AgrO-v1.png\",\"width\":1000,\"height\":249,\"caption\":\"isUP_Agro\"},\"image\":{\"@id\":\"https:\/\/isupagro.web.uma.pt\/pt\/#\/schema\/logo\/image\/\"},\"sameAs\":[\"https:\/\/pt.linkedin.com\/showcase\/isup-agro\/\"]},{\"@type\":\"Person\",\"@id\":\"https:\/\/isupagro.web.uma.pt\/pt\/#\/schema\/person\/b816290fc350bc85f669eb8e3b3c86d6\",\"name\":\"isupagro\",\"image\":{\"@type\":\"ImageObject\",\"inLanguage\":\"en-GB\",\"@id\":\"https:\/\/secure.gravatar.com\/avatar\/124a2b392d9f930b57bc29837defb2cbe5c53b7656d6849d1f6a7da307d075f8?s=96&d=mm&r=g\",\"url\":\"https:\/\/secure.gravatar.com\/avatar\/124a2b392d9f930b57bc29837defb2cbe5c53b7656d6849d1f6a7da307d075f8?s=96&d=mm&r=g\",\"contentUrl\":\"https:\/\/secure.gravatar.com\/avatar\/124a2b392d9f930b57bc29837defb2cbe5c53b7656d6849d1f6a7da307d075f8?s=96&d=mm&r=g\",\"caption\":\"isupagro\"},\"url\":\"https:\/\/isupagro.web.uma.pt\/en\/author\/isupagro\/\"}]}<\/script>\n<!-- \/ Yoast SEO plugin. -->","yoast_head_json":{"title":"Apresenta\u00e7\u00e3o das atividades de forma\u00e7\u00e3o do Staff Exchange \u2013 Valoriza\u00e7\u00e3o de Produtos e Subprodutos - isUP_Agro","robots":{"index":"index","follow":"follow","max-snippet":"max-snippet:-1","max-image-preview":"max-image-preview:large","max-video-preview":"max-video-preview:-1"},"canonical":"https:\/\/isupagro.web.uma.pt\/en\/apresentacao-das-atividades-de-formacao-do-staff-exchange-valorizacao-de-produtos-e-subprodutos\/","og_locale":"en_GB","og_type":"article","og_title":"Apresenta\u00e7\u00e3o das atividades de forma\u00e7\u00e3o do Staff Exchange \u2013 Valoriza\u00e7\u00e3o de Produtos e Subprodutos - isUP_Agro","og_description":"No dia 29 de junho de 2026, as investigadoras convidadas do Centro ISOPlexis Carla Gouveia e Carla Lopes, o investigador convidado Fabr\u00edcio Macedo e a estudante de Doutoramento e membro associado Sofia Valente apresentaram aos restantes membros do Centro ISOPlexis os resultados do Staff Exchange \u2013 Valorization of products and by-products do projeto isUP-AgrO, realizado [&hellip;]","og_url":"https:\/\/isupagro.web.uma.pt\/en\/apresentacao-das-atividades-de-formacao-do-staff-exchange-valorizacao-de-produtos-e-subprodutos\/","og_site_name":"isUP_Agro","article_published_time":"2026-08-03T14:52:15+00:00","og_image":[{"width":1536,"height":2048,"url":"https:\/\/isupagro.web.uma.pt\/wp-content\/uploads\/2026\/08\/Destaque.jpeg","type":"image\/jpeg"}],"author":"isupagro","twitter_card":"summary_large_image","twitter_misc":{"Written by":"isupagro","Estimated reading time":"3 minutes"},"schema":{"@context":"https:\/\/schema.org","@graph":[{"@type":"Article","@id":"https:\/\/isupagro.web.uma.pt\/apresentacao-das-atividades-de-formacao-do-staff-exchange-valorizacao-de-produtos-e-subprodutos\/#article","isPartOf":{"@id":"https:\/\/isupagro.web.uma.pt\/apresentacao-das-atividades-de-formacao-do-staff-exchange-valorizacao-de-produtos-e-subprodutos\/"},"author":{"name":"isupagro","@id":"https:\/\/isupagro.web.uma.pt\/pt\/#\/schema\/person\/b816290fc350bc85f669eb8e3b3c86d6"},"headline":"Apresenta\u00e7\u00e3o das atividades de forma\u00e7\u00e3o do Staff Exchange \u2013 Valoriza\u00e7\u00e3o de Produtos e Subprodutos","datePublished":"2026-08-03T14:52:15+00:00","mainEntityOfPage":{"@id":"https:\/\/isupagro.web.uma.pt\/apresentacao-das-atividades-de-formacao-do-staff-exchange-valorizacao-de-produtos-e-subprodutos\/"},"wordCount":346,"publisher":{"@id":"https:\/\/isupagro.web.uma.pt\/pt\/#organization"},"image":{"@id":"https:\/\/isupagro.web.uma.pt\/apresentacao-das-atividades-de-formacao-do-staff-exchange-valorizacao-de-produtos-e-subprodutos\/#primaryimage"},"thumbnailUrl":"https:\/\/isupagro.web.uma.pt\/wp-content\/uploads\/2026\/08\/Destaque.jpeg","articleSection":["Atividades","Forma\u00e7\u00f5es e Workshops Internacionais","Interc\u00e2mbio de Pessoal"],"inLanguage":"en-GB"},{"@type":"WebPage","@id":"https:\/\/isupagro.web.uma.pt\/apresentacao-das-atividades-de-formacao-do-staff-exchange-valorizacao-de-produtos-e-subprodutos\/","url":"https:\/\/isupagro.web.uma.pt\/apresentacao-das-atividades-de-formacao-do-staff-exchange-valorizacao-de-produtos-e-subprodutos\/","name":"Apresenta\u00e7\u00e3o das atividades de forma\u00e7\u00e3o do Staff Exchange \u2013 Valoriza\u00e7\u00e3o de Produtos e Subprodutos - isUP_Agro","isPartOf":{"@id":"https:\/\/isupagro.web.uma.pt\/pt\/#website"},"primaryImageOfPage":{"@id":"https:\/\/isupagro.web.uma.pt\/apresentacao-das-atividades-de-formacao-do-staff-exchange-valorizacao-de-produtos-e-subprodutos\/#primaryimage"},"image":{"@id":"https:\/\/isupagro.web.uma.pt\/apresentacao-das-atividades-de-formacao-do-staff-exchange-valorizacao-de-produtos-e-subprodutos\/#primaryimage"},"thumbnailUrl":"https:\/\/isupagro.web.uma.pt\/wp-content\/uploads\/2026\/08\/Destaque.jpeg","datePublished":"2026-08-03T14:52:15+00:00","breadcrumb":{"@id":"https:\/\/isupagro.web.uma.pt\/apresentacao-das-atividades-de-formacao-do-staff-exchange-valorizacao-de-produtos-e-subprodutos\/#breadcrumb"},"inLanguage":"en-GB","potentialAction":[{"@type":"ReadAction","target":["https:\/\/isupagro.web.uma.pt\/apresentacao-das-atividades-de-formacao-do-staff-exchange-valorizacao-de-produtos-e-subprodutos\/"]}]},{"@type":"ImageObject","inLanguage":"en-GB","@id":"https:\/\/isupagro.web.uma.pt\/apresentacao-das-atividades-de-formacao-do-staff-exchange-valorizacao-de-produtos-e-subprodutos\/#primaryimage","url":"https:\/\/isupagro.web.uma.pt\/wp-content\/uploads\/2026\/08\/Destaque.jpeg","contentUrl":"https:\/\/isupagro.web.uma.pt\/wp-content\/uploads\/2026\/08\/Destaque.jpeg","width":1536,"height":2048},{"@type":"BreadcrumbList","@id":"https:\/\/isupagro.web.uma.pt\/apresentacao-das-atividades-de-formacao-do-staff-exchange-valorizacao-de-produtos-e-subprodutos\/#breadcrumb","itemListElement":[{"@type":"ListItem","position":1,"name":"In\u00edcio","item":"https:\/\/isupagro.web.uma.pt\/"},{"@type":"ListItem","position":2,"name":"Apresenta\u00e7\u00e3o das atividades de forma\u00e7\u00e3o do Staff Exchange \u2013 Valoriza\u00e7\u00e3o de Produtos e Subprodutos"}]},{"@type":"WebSite","@id":"https:\/\/isupagro.web.uma.pt\/pt\/#website","url":"https:\/\/isupagro.web.uma.pt\/pt\/","name":"isUP_Agro","description":"","publisher":{"@id":"https:\/\/isupagro.web.uma.pt\/pt\/#organization"},"potentialAction":[{"@type":"SearchAction","target":{"@type":"EntryPoint","urlTemplate":"https:\/\/isupagro.web.uma.pt\/pt\/?s={search_term_string}"},"query-input":{"@type":"PropertyValueSpecification","valueRequired":true,"valueName":"search_term_string"}}],"inLanguage":"en-GB"},{"@type":"Organization","@id":"https:\/\/isupagro.web.uma.pt\/pt\/#organization","name":"isUP_Agro","url":"https:\/\/isupagro.web.uma.pt\/pt\/","logo":{"@type":"ImageObject","inLanguage":"en-GB","@id":"https:\/\/isupagro.web.uma.pt\/pt\/#\/schema\/logo\/image\/","url":"https:\/\/isupagro.web.uma.pt\/wp-content\/uploads\/2024\/10\/cropped-isUP-AgrO-v1.png","contentUrl":"https:\/\/isupagro.web.uma.pt\/wp-content\/uploads\/2024\/10\/cropped-isUP-AgrO-v1.png","width":1000,"height":249,"caption":"isUP_Agro"},"image":{"@id":"https:\/\/isupagro.web.uma.pt\/pt\/#\/schema\/logo\/image\/"},"sameAs":["https:\/\/pt.linkedin.com\/showcase\/isup-agro\/"]},{"@type":"Person","@id":"https:\/\/isupagro.web.uma.pt\/pt\/#\/schema\/person\/b816290fc350bc85f669eb8e3b3c86d6","name":"isupagro","image":{"@type":"ImageObject","inLanguage":"en-GB","@id":"https:\/\/secure.gravatar.com\/avatar\/124a2b392d9f930b57bc29837defb2cbe5c53b7656d6849d1f6a7da307d075f8?s=96&d=mm&r=g","url":"https:\/\/secure.gravatar.com\/avatar\/124a2b392d9f930b57bc29837defb2cbe5c53b7656d6849d1f6a7da307d075f8?s=96&d=mm&r=g","contentUrl":"https:\/\/secure.gravatar.com\/avatar\/124a2b392d9f930b57bc29837defb2cbe5c53b7656d6849d1f6a7da307d075f8?s=96&d=mm&r=g","caption":"isupagro"},"url":"https:\/\/isupagro.web.uma.pt\/en\/author\/isupagro\/"}]}},"_links":{"self":[{"href":"https:\/\/isupagro.web.uma.pt\/en\/wp-json\/wp\/v2\/posts\/11010","targetHints":{"allow":["GET"]}}],"collection":[{"href":"https:\/\/isupagro.web.uma.pt\/en\/wp-json\/wp\/v2\/posts"}],"about":[{"href":"https:\/\/isupagro.web.uma.pt\/en\/wp-json\/wp\/v2\/types\/post"}],"author":[{"embeddable":true,"href":"https:\/\/isupagro.web.uma.pt\/en\/wp-json\/wp\/v2\/users\/3"}],"replies":[{"embeddable":true,"href":"https:\/\/isupagro.web.uma.pt\/en\/wp-json\/wp\/v2\/comments?post=11010"}],"version-history":[{"count":1,"href":"https:\/\/isupagro.web.uma.pt\/en\/wp-json\/wp\/v2\/posts\/11010\/revisions"}],"predecessor-version":[{"id":11011,"href":"https:\/\/isupagro.web.uma.pt\/en\/wp-json\/wp\/v2\/posts\/11010\/revisions\/11011"}],"wp:featuredmedia":[{"embeddable":true,"href":"https:\/\/isupagro.web.uma.pt\/en\/wp-json\/wp\/v2\/media\/11007"}],"wp:attachment":[{"href":"https:\/\/isupagro.web.uma.pt\/en\/wp-json\/wp\/v2\/media?parent=11010"}],"wp:term":[{"taxonomy":"category","embeddable":true,"href":"https:\/\/isupagro.web.uma.pt\/en\/wp-json\/wp\/v2\/categories?post=11010"},{"taxonomy":"post_tag","embeddable":true,"href":"https:\/\/isupagro.web.uma.pt\/en\/wp-json\/wp\/v2\/tags?post=11010"}],"curies":[{"name":"wp","href":"https:\/\/api.w.org\/{rel}","templated":true}]}}