{"id":10979,"date":"2026-07-23T14:06:01","date_gmt":"2026-07-23T14:06:01","guid":{"rendered":"https:\/\/isupagro.web.uma.pt\/?p=10979"},"modified":"2026-07-23T14:06:02","modified_gmt":"2026-07-23T14:06:02","slug":"ciclo-de-conferencias-sobre-bioinformatica-e-analise-de-dados","status":"publish","type":"post","link":"https:\/\/isupagro.web.uma.pt\/en\/ciclo-de-conferencias-sobre-bioinformatica-e-analise-de-dados\/","title":{"rendered":"Conference Series on Bioinformatics and Data Analysis"},"content":{"rendered":"<p>On 20 July 2026, the University of Madeira (UMa) hosted a conference series on Bioinformatics and Data Analysis, as part of the training activities of the European project isUP-AgrO \u2013 Unlocking the Potential for Agricultural Research on an EU Outermost Region: boosting ISOPlexis Centre.<\/p>\n\n\n\n<p>The initiative brought together researchers from the University of Parma (Italy), partners of the project. The programme featured the conferences \"Bioinformatics and Molecular Modelling in Food Science\", presented by Professor Luca Dellafiora and Researcher Lorenzo Pedroni, and \"Omics Approaches to Studying Plant Interactions with Emerging Contaminants: A Case Study on Per- and Polyfluoroalkyl Substances (PFAS)\", presented by Researcher Sophia Luche.<\/p>\n\n\n\n<p>The sessions explored the application of bioinformatics tools, molecular modelling, and omics technologies to food science research and the study of plant interactions with emerging contaminants, highlighting innovative methodologies with the potential to advance research in sustainable agriculture, food safety, and agricultural sciences.<\/p>\n\n\n\n<p>Coordinated by the University of Madeira, the isUP-AgrO project aims to strengthen the ISOPlexis Centre as a European reference in applied research on Sustainable Agriculture and Food Technology.<\/p>\n\n\n\n<p>This initiative reinforces the isUP-AgrO project's commitment to promoting scientific excellence, innovation, and knowledge transfer by providing the academic and scientific community with the opportunity to engage with international experts and explore the latest developments in bioinformatics and data analysis applied to agricultural research.<\/p>\n\n\n\n<div class=\"wp-block-group is-vertical is-layout-flex wp-container-core-group-is-layout-8cf370e7 wp-block-group-is-layout-flex\">\n<figure class=\"wp-block-image size-large\"><img fetchpriority=\"high\" decoding=\"async\" width=\"1024\" height=\"768\" src=\"https:\/\/isupagro.web.uma.pt\/wp-content\/uploads\/2026\/07\/WhatsApp-Image-2026-07-23-at-14.53.02-1024x768.jpeg\" alt=\"\" class=\"wp-image-10985\" srcset=\"https:\/\/isupagro.web.uma.pt\/wp-content\/uploads\/2026\/07\/WhatsApp-Image-2026-07-23-at-14.53.02-1024x768.jpeg 1024w, https:\/\/isupagro.web.uma.pt\/wp-content\/uploads\/2026\/07\/WhatsApp-Image-2026-07-23-at-14.53.02-300x225.jpeg 300w, https:\/\/isupagro.web.uma.pt\/wp-content\/uploads\/2026\/07\/WhatsApp-Image-2026-07-23-at-14.53.02-768x576.jpeg 768w, https:\/\/isupagro.web.uma.pt\/wp-content\/uploads\/2026\/07\/WhatsApp-Image-2026-07-23-at-14.53.02-1536x1152.jpeg 1536w, https:\/\/isupagro.web.uma.pt\/wp-content\/uploads\/2026\/07\/WhatsApp-Image-2026-07-23-at-14.53.02-16x12.jpeg 16w, https:\/\/isupagro.web.uma.pt\/wp-content\/uploads\/2026\/07\/WhatsApp-Image-2026-07-23-at-14.53.02.jpeg 1600w\" sizes=\"(max-width: 1024px) 100vw, 1024px\" \/><\/figure>\n\n\n\n<figure class=\"wp-block-image size-large\"><img decoding=\"async\" width=\"1024\" height=\"768\" src=\"https:\/\/isupagro.web.uma.pt\/wp-content\/uploads\/2026\/07\/WhatsApp-Image-2026-07-23-at-14.52.59-1024x768.jpeg\" alt=\"\" class=\"wp-image-10984\" srcset=\"https:\/\/isupagro.web.uma.pt\/wp-content\/uploads\/2026\/07\/WhatsApp-Image-2026-07-23-at-14.52.59-1024x768.jpeg 1024w, https:\/\/isupagro.web.uma.pt\/wp-content\/uploads\/2026\/07\/WhatsApp-Image-2026-07-23-at-14.52.59-300x225.jpeg 300w, https:\/\/isupagro.web.uma.pt\/wp-content\/uploads\/2026\/07\/WhatsApp-Image-2026-07-23-at-14.52.59-768x576.jpeg 768w, https:\/\/isupagro.web.uma.pt\/wp-content\/uploads\/2026\/07\/WhatsApp-Image-2026-07-23-at-14.52.59-1536x1152.jpeg 1536w, https:\/\/isupagro.web.uma.pt\/wp-content\/uploads\/2026\/07\/WhatsApp-Image-2026-07-23-at-14.52.59-16x12.jpeg 16w, https:\/\/isupagro.web.uma.pt\/wp-content\/uploads\/2026\/07\/WhatsApp-Image-2026-07-23-at-14.52.59.jpeg 1600w\" sizes=\"(max-width: 1024px) 100vw, 1024px\" \/><\/figure>\n\n\n\n<div class=\"wp-block-group is-vertical is-layout-flex wp-container-core-group-is-layout-8cf370e7 wp-block-group-is-layout-flex\">\n<figure class=\"wp-block-image size-large\"><img decoding=\"async\" width=\"1024\" height=\"768\" src=\"https:\/\/isupagro.web.uma.pt\/wp-content\/uploads\/2026\/07\/WhatsApp-Image-2026-07-23-at-14.53.07-1024x768.jpeg\" alt=\"\" class=\"wp-image-10982\" srcset=\"https:\/\/isupagro.web.uma.pt\/wp-content\/uploads\/2026\/07\/WhatsApp-Image-2026-07-23-at-14.53.07-1024x768.jpeg 1024w, https:\/\/isupagro.web.uma.pt\/wp-content\/uploads\/2026\/07\/WhatsApp-Image-2026-07-23-at-14.53.07-300x225.jpeg 300w, https:\/\/isupagro.web.uma.pt\/wp-content\/uploads\/2026\/07\/WhatsApp-Image-2026-07-23-at-14.53.07-768x576.jpeg 768w, https:\/\/isupagro.web.uma.pt\/wp-content\/uploads\/2026\/07\/WhatsApp-Image-2026-07-23-at-14.53.07-1536x1152.jpeg 1536w, https:\/\/isupagro.web.uma.pt\/wp-content\/uploads\/2026\/07\/WhatsApp-Image-2026-07-23-at-14.53.07-16x12.jpeg 16w, https:\/\/isupagro.web.uma.pt\/wp-content\/uploads\/2026\/07\/WhatsApp-Image-2026-07-23-at-14.53.07.jpeg 1600w\" sizes=\"(max-width: 1024px) 100vw, 1024px\" \/><\/figure>\n\n\n\n<figure class=\"wp-block-image size-large\"><img loading=\"lazy\" decoding=\"async\" width=\"1024\" height=\"768\" src=\"https:\/\/isupagro.web.uma.pt\/wp-content\/uploads\/2026\/07\/WhatsApp-Image-2026-07-23-at-14.53.06-1024x768.jpeg\" alt=\"\" class=\"wp-image-10981\" srcset=\"https:\/\/isupagro.web.uma.pt\/wp-content\/uploads\/2026\/07\/WhatsApp-Image-2026-07-23-at-14.53.06-1024x768.jpeg 1024w, https:\/\/isupagro.web.uma.pt\/wp-content\/uploads\/2026\/07\/WhatsApp-Image-2026-07-23-at-14.53.06-300x225.jpeg 300w, https:\/\/isupagro.web.uma.pt\/wp-content\/uploads\/2026\/07\/WhatsApp-Image-2026-07-23-at-14.53.06-768x576.jpeg 768w, https:\/\/isupagro.web.uma.pt\/wp-content\/uploads\/2026\/07\/WhatsApp-Image-2026-07-23-at-14.53.06-1536x1152.jpeg 1536w, https:\/\/isupagro.web.uma.pt\/wp-content\/uploads\/2026\/07\/WhatsApp-Image-2026-07-23-at-14.53.06-16x12.jpeg 16w, https:\/\/isupagro.web.uma.pt\/wp-content\/uploads\/2026\/07\/WhatsApp-Image-2026-07-23-at-14.53.06.jpeg 1600w\" sizes=\"(max-width: 1024px) 100vw, 1024px\" \/><\/figure>\n\n\n\n<figure class=\"wp-block-image size-large\"><img loading=\"lazy\" decoding=\"async\" width=\"1024\" height=\"768\" src=\"https:\/\/isupagro.web.uma.pt\/wp-content\/uploads\/2026\/07\/WhatsApp-Image-2026-07-23-at-14.53.06-1-1024x768.jpeg\" alt=\"\" class=\"wp-image-10980\" srcset=\"https:\/\/isupagro.web.uma.pt\/wp-content\/uploads\/2026\/07\/WhatsApp-Image-2026-07-23-at-14.53.06-1-1024x768.jpeg 1024w, https:\/\/isupagro.web.uma.pt\/wp-content\/uploads\/2026\/07\/WhatsApp-Image-2026-07-23-at-14.53.06-1-300x225.jpeg 300w, https:\/\/isupagro.web.uma.pt\/wp-content\/uploads\/2026\/07\/WhatsApp-Image-2026-07-23-at-14.53.06-1-768x576.jpeg 768w, https:\/\/isupagro.web.uma.pt\/wp-content\/uploads\/2026\/07\/WhatsApp-Image-2026-07-23-at-14.53.06-1-1536x1152.jpeg 1536w, https:\/\/isupagro.web.uma.pt\/wp-content\/uploads\/2026\/07\/WhatsApp-Image-2026-07-23-at-14.53.06-1-16x12.jpeg 16w, https:\/\/isupagro.web.uma.pt\/wp-content\/uploads\/2026\/07\/WhatsApp-Image-2026-07-23-at-14.53.06-1.jpeg 1600w\" sizes=\"(max-width: 1024px) 100vw, 1024px\" \/><\/figure>\n<\/div>\n<\/div>","protected":false},"excerpt":{"rendered":"<p>No dia 20 de julho de 2026, a Universidade da Madeira (UMa) acolheu um ciclo de confer\u00eancias subordinado ao tema da Bioinform\u00e1tica e An\u00e1lise de Dados, integrado na a\u00e7\u00e3o de forma\u00e7\u00e3o do projeto europeu isUP-AgrO \u2013 Unlocking the Potential for Agricultural Research on an EU Outmost Region: boosting ISOPlexis Centre. A iniciativa contou com a [&hellip;]<\/p>\n","protected":false},"author":3,"featured_media":10983,"comment_status":"closed","ping_status":"closed","sticky":false,"template":"","format":"standard","meta":{"footnotes":""},"categories":[33],"tags":[],"class_list":["post-10979","post","type-post","status-publish","format-standard","has-post-thumbnail","hentry","category-conferencias"],"yoast_head":"<!-- This site is optimized with the Yoast SEO plugin v27.2 - https:\/\/yoast.com\/product\/yoast-seo-wordpress\/ -->\n<title>Ciclo de Confer\u00eancias sobre Bioinform\u00e1tica e An\u00e1lise de Dados - isUP_Agro<\/title>\n<meta name=\"robots\" content=\"index, follow, max-snippet:-1, max-image-preview:large, max-video-preview:-1\" \/>\n<link rel=\"canonical\" href=\"https:\/\/isupagro.web.uma.pt\/en\/ciclo-de-conferencias-sobre-bioinformatica-e-analise-de-dados\/\" \/>\n<meta property=\"og:locale\" content=\"en_GB\" \/>\n<meta property=\"og:type\" content=\"article\" \/>\n<meta property=\"og:title\" content=\"Ciclo de Confer\u00eancias sobre Bioinform\u00e1tica e An\u00e1lise de Dados - isUP_Agro\" \/>\n<meta property=\"og:description\" content=\"No dia 20 de julho de 2026, a Universidade da Madeira (UMa) acolheu um ciclo de confer\u00eancias subordinado ao tema da Bioinform\u00e1tica e An\u00e1lise de Dados, integrado na a\u00e7\u00e3o de forma\u00e7\u00e3o do projeto europeu isUP-AgrO \u2013 Unlocking the Potential for Agricultural Research on an EU Outmost Region: boosting ISOPlexis Centre. A iniciativa contou com a [&hellip;]\" \/>\n<meta property=\"og:url\" content=\"https:\/\/isupagro.web.uma.pt\/en\/ciclo-de-conferencias-sobre-bioinformatica-e-analise-de-dados\/\" \/>\n<meta property=\"og:site_name\" content=\"isUP_Agro\" \/>\n<meta property=\"article:published_time\" content=\"2026-07-23T14:06:01+00:00\" \/>\n<meta property=\"article:modified_time\" content=\"2026-07-23T14:06:02+00:00\" \/>\n<meta property=\"og:image\" content=\"https:\/\/isupagro.web.uma.pt\/wp-content\/uploads\/2026\/07\/Destaque-1-724x1024.png\" \/>\n\t<meta property=\"og:image:width\" content=\"724\" \/>\n\t<meta property=\"og:image:height\" content=\"1024\" \/>\n\t<meta property=\"og:image:type\" content=\"image\/png\" \/>\n<meta name=\"author\" content=\"isupagro\" \/>\n<meta name=\"twitter:card\" content=\"summary_large_image\" \/>\n<meta name=\"twitter:label1\" content=\"Written by\" \/>\n\t<meta name=\"twitter:data1\" content=\"isupagro\" \/>\n\t<meta name=\"twitter:label2\" content=\"Estimated reading time\" \/>\n\t<meta name=\"twitter:data2\" content=\"3 minutes\" \/>\n<script type=\"application\/ld+json\" class=\"yoast-schema-graph\">{\"@context\":\"https:\/\/schema.org\",\"@graph\":[{\"@type\":\"Article\",\"@id\":\"https:\/\/isupagro.web.uma.pt\/ciclo-de-conferencias-sobre-bioinformatica-e-analise-de-dados\/#article\",\"isPartOf\":{\"@id\":\"https:\/\/isupagro.web.uma.pt\/ciclo-de-conferencias-sobre-bioinformatica-e-analise-de-dados\/\"},\"author\":{\"name\":\"isupagro\",\"@id\":\"https:\/\/isupagro.web.uma.pt\/pt\/#\/schema\/person\/b816290fc350bc85f669eb8e3b3c86d6\"},\"headline\":\"Ciclo de Confer\u00eancias sobre Bioinform\u00e1tica e An\u00e1lise de Dados\",\"datePublished\":\"2026-07-23T14:06:01+00:00\",\"dateModified\":\"2026-07-23T14:06:02+00:00\",\"mainEntityOfPage\":{\"@id\":\"https:\/\/isupagro.web.uma.pt\/ciclo-de-conferencias-sobre-bioinformatica-e-analise-de-dados\/\"},\"wordCount\":277,\"publisher\":{\"@id\":\"https:\/\/isupagro.web.uma.pt\/pt\/#organization\"},\"image\":{\"@id\":\"https:\/\/isupagro.web.uma.pt\/ciclo-de-conferencias-sobre-bioinformatica-e-analise-de-dados\/#primaryimage\"},\"thumbnailUrl\":\"https:\/\/isupagro.web.uma.pt\/wp-content\/uploads\/2026\/07\/Destaque-1-scaled.png\",\"articleSection\":[\"Confer\u00eancias\"],\"inLanguage\":\"en-GB\"},{\"@type\":\"WebPage\",\"@id\":\"https:\/\/isupagro.web.uma.pt\/ciclo-de-conferencias-sobre-bioinformatica-e-analise-de-dados\/\",\"url\":\"https:\/\/isupagro.web.uma.pt\/ciclo-de-conferencias-sobre-bioinformatica-e-analise-de-dados\/\",\"name\":\"Ciclo de Confer\u00eancias sobre Bioinform\u00e1tica e An\u00e1lise de Dados - isUP_Agro\",\"isPartOf\":{\"@id\":\"https:\/\/isupagro.web.uma.pt\/pt\/#website\"},\"primaryImageOfPage\":{\"@id\":\"https:\/\/isupagro.web.uma.pt\/ciclo-de-conferencias-sobre-bioinformatica-e-analise-de-dados\/#primaryimage\"},\"image\":{\"@id\":\"https:\/\/isupagro.web.uma.pt\/ciclo-de-conferencias-sobre-bioinformatica-e-analise-de-dados\/#primaryimage\"},\"thumbnailUrl\":\"https:\/\/isupagro.web.uma.pt\/wp-content\/uploads\/2026\/07\/Destaque-1-scaled.png\",\"datePublished\":\"2026-07-23T14:06:01+00:00\",\"dateModified\":\"2026-07-23T14:06:02+00:00\",\"breadcrumb\":{\"@id\":\"https:\/\/isupagro.web.uma.pt\/ciclo-de-conferencias-sobre-bioinformatica-e-analise-de-dados\/#breadcrumb\"},\"inLanguage\":\"en-GB\",\"potentialAction\":[{\"@type\":\"ReadAction\",\"target\":[\"https:\/\/isupagro.web.uma.pt\/ciclo-de-conferencias-sobre-bioinformatica-e-analise-de-dados\/\"]}]},{\"@type\":\"ImageObject\",\"inLanguage\":\"en-GB\",\"@id\":\"https:\/\/isupagro.web.uma.pt\/ciclo-de-conferencias-sobre-bioinformatica-e-analise-de-dados\/#primaryimage\",\"url\":\"https:\/\/isupagro.web.uma.pt\/wp-content\/uploads\/2026\/07\/Destaque-1-scaled.png\",\"contentUrl\":\"https:\/\/isupagro.web.uma.pt\/wp-content\/uploads\/2026\/07\/Destaque-1-scaled.png\",\"width\":1811,\"height\":2560},{\"@type\":\"BreadcrumbList\",\"@id\":\"https:\/\/isupagro.web.uma.pt\/ciclo-de-conferencias-sobre-bioinformatica-e-analise-de-dados\/#breadcrumb\",\"itemListElement\":[{\"@type\":\"ListItem\",\"position\":1,\"name\":\"In\u00edcio\",\"item\":\"https:\/\/isupagro.web.uma.pt\/\"},{\"@type\":\"ListItem\",\"position\":2,\"name\":\"Ciclo de Confer\u00eancias sobre Bioinform\u00e1tica e An\u00e1lise de Dados\"}]},{\"@type\":\"WebSite\",\"@id\":\"https:\/\/isupagro.web.uma.pt\/pt\/#website\",\"url\":\"https:\/\/isupagro.web.uma.pt\/pt\/\",\"name\":\"isUP_Agro\",\"description\":\"\",\"publisher\":{\"@id\":\"https:\/\/isupagro.web.uma.pt\/pt\/#organization\"},\"potentialAction\":[{\"@type\":\"SearchAction\",\"target\":{\"@type\":\"EntryPoint\",\"urlTemplate\":\"https:\/\/isupagro.web.uma.pt\/pt\/?s={search_term_string}\"},\"query-input\":{\"@type\":\"PropertyValueSpecification\",\"valueRequired\":true,\"valueName\":\"search_term_string\"}}],\"inLanguage\":\"en-GB\"},{\"@type\":\"Organization\",\"@id\":\"https:\/\/isupagro.web.uma.pt\/pt\/#organization\",\"name\":\"isUP_Agro\",\"url\":\"https:\/\/isupagro.web.uma.pt\/pt\/\",\"logo\":{\"@type\":\"ImageObject\",\"inLanguage\":\"en-GB\",\"@id\":\"https:\/\/isupagro.web.uma.pt\/pt\/#\/schema\/logo\/image\/\",\"url\":\"https:\/\/isupagro.web.uma.pt\/wp-content\/uploads\/2024\/10\/cropped-isUP-AgrO-v1.png\",\"contentUrl\":\"https:\/\/isupagro.web.uma.pt\/wp-content\/uploads\/2024\/10\/cropped-isUP-AgrO-v1.png\",\"width\":1000,\"height\":249,\"caption\":\"isUP_Agro\"},\"image\":{\"@id\":\"https:\/\/isupagro.web.uma.pt\/pt\/#\/schema\/logo\/image\/\"},\"sameAs\":[\"https:\/\/pt.linkedin.com\/showcase\/isup-agro\/\"]},{\"@type\":\"Person\",\"@id\":\"https:\/\/isupagro.web.uma.pt\/pt\/#\/schema\/person\/b816290fc350bc85f669eb8e3b3c86d6\",\"name\":\"isupagro\",\"image\":{\"@type\":\"ImageObject\",\"inLanguage\":\"en-GB\",\"@id\":\"https:\/\/secure.gravatar.com\/avatar\/124a2b392d9f930b57bc29837defb2cbe5c53b7656d6849d1f6a7da307d075f8?s=96&d=mm&r=g\",\"url\":\"https:\/\/secure.gravatar.com\/avatar\/124a2b392d9f930b57bc29837defb2cbe5c53b7656d6849d1f6a7da307d075f8?s=96&d=mm&r=g\",\"contentUrl\":\"https:\/\/secure.gravatar.com\/avatar\/124a2b392d9f930b57bc29837defb2cbe5c53b7656d6849d1f6a7da307d075f8?s=96&d=mm&r=g\",\"caption\":\"isupagro\"},\"url\":\"https:\/\/isupagro.web.uma.pt\/en\/author\/isupagro\/\"}]}<\/script>\n<!-- \/ Yoast SEO plugin. -->","yoast_head_json":{"title":"Ciclo de Confer\u00eancias sobre Bioinform\u00e1tica e An\u00e1lise de Dados - isUP_Agro","robots":{"index":"index","follow":"follow","max-snippet":"max-snippet:-1","max-image-preview":"max-image-preview:large","max-video-preview":"max-video-preview:-1"},"canonical":"https:\/\/isupagro.web.uma.pt\/en\/ciclo-de-conferencias-sobre-bioinformatica-e-analise-de-dados\/","og_locale":"en_GB","og_type":"article","og_title":"Ciclo de Confer\u00eancias sobre Bioinform\u00e1tica e An\u00e1lise de Dados - isUP_Agro","og_description":"No dia 20 de julho de 2026, a Universidade da Madeira (UMa) acolheu um ciclo de confer\u00eancias subordinado ao tema da Bioinform\u00e1tica e An\u00e1lise de Dados, integrado na a\u00e7\u00e3o de forma\u00e7\u00e3o do projeto europeu isUP-AgrO \u2013 Unlocking the Potential for Agricultural Research on an EU Outmost Region: boosting ISOPlexis Centre. A iniciativa contou com a [&hellip;]","og_url":"https:\/\/isupagro.web.uma.pt\/en\/ciclo-de-conferencias-sobre-bioinformatica-e-analise-de-dados\/","og_site_name":"isUP_Agro","article_published_time":"2026-07-23T14:06:01+00:00","article_modified_time":"2026-07-23T14:06:02+00:00","og_image":[{"width":724,"height":1024,"url":"https:\/\/isupagro.web.uma.pt\/wp-content\/uploads\/2026\/07\/Destaque-1-724x1024.png","type":"image\/png"}],"author":"isupagro","twitter_card":"summary_large_image","twitter_misc":{"Written by":"isupagro","Estimated reading time":"3 minutes"},"schema":{"@context":"https:\/\/schema.org","@graph":[{"@type":"Article","@id":"https:\/\/isupagro.web.uma.pt\/ciclo-de-conferencias-sobre-bioinformatica-e-analise-de-dados\/#article","isPartOf":{"@id":"https:\/\/isupagro.web.uma.pt\/ciclo-de-conferencias-sobre-bioinformatica-e-analise-de-dados\/"},"author":{"name":"isupagro","@id":"https:\/\/isupagro.web.uma.pt\/pt\/#\/schema\/person\/b816290fc350bc85f669eb8e3b3c86d6"},"headline":"Ciclo de Confer\u00eancias sobre Bioinform\u00e1tica e An\u00e1lise de Dados","datePublished":"2026-07-23T14:06:01+00:00","dateModified":"2026-07-23T14:06:02+00:00","mainEntityOfPage":{"@id":"https:\/\/isupagro.web.uma.pt\/ciclo-de-conferencias-sobre-bioinformatica-e-analise-de-dados\/"},"wordCount":277,"publisher":{"@id":"https:\/\/isupagro.web.uma.pt\/pt\/#organization"},"image":{"@id":"https:\/\/isupagro.web.uma.pt\/ciclo-de-conferencias-sobre-bioinformatica-e-analise-de-dados\/#primaryimage"},"thumbnailUrl":"https:\/\/isupagro.web.uma.pt\/wp-content\/uploads\/2026\/07\/Destaque-1-scaled.png","articleSection":["Confer\u00eancias"],"inLanguage":"en-GB"},{"@type":"WebPage","@id":"https:\/\/isupagro.web.uma.pt\/ciclo-de-conferencias-sobre-bioinformatica-e-analise-de-dados\/","url":"https:\/\/isupagro.web.uma.pt\/ciclo-de-conferencias-sobre-bioinformatica-e-analise-de-dados\/","name":"Ciclo de Confer\u00eancias sobre Bioinform\u00e1tica e An\u00e1lise de Dados - isUP_Agro","isPartOf":{"@id":"https:\/\/isupagro.web.uma.pt\/pt\/#website"},"primaryImageOfPage":{"@id":"https:\/\/isupagro.web.uma.pt\/ciclo-de-conferencias-sobre-bioinformatica-e-analise-de-dados\/#primaryimage"},"image":{"@id":"https:\/\/isupagro.web.uma.pt\/ciclo-de-conferencias-sobre-bioinformatica-e-analise-de-dados\/#primaryimage"},"thumbnailUrl":"https:\/\/isupagro.web.uma.pt\/wp-content\/uploads\/2026\/07\/Destaque-1-scaled.png","datePublished":"2026-07-23T14:06:01+00:00","dateModified":"2026-07-23T14:06:02+00:00","breadcrumb":{"@id":"https:\/\/isupagro.web.uma.pt\/ciclo-de-conferencias-sobre-bioinformatica-e-analise-de-dados\/#breadcrumb"},"inLanguage":"en-GB","potentialAction":[{"@type":"ReadAction","target":["https:\/\/isupagro.web.uma.pt\/ciclo-de-conferencias-sobre-bioinformatica-e-analise-de-dados\/"]}]},{"@type":"ImageObject","inLanguage":"en-GB","@id":"https:\/\/isupagro.web.uma.pt\/ciclo-de-conferencias-sobre-bioinformatica-e-analise-de-dados\/#primaryimage","url":"https:\/\/isupagro.web.uma.pt\/wp-content\/uploads\/2026\/07\/Destaque-1-scaled.png","contentUrl":"https:\/\/isupagro.web.uma.pt\/wp-content\/uploads\/2026\/07\/Destaque-1-scaled.png","width":1811,"height":2560},{"@type":"BreadcrumbList","@id":"https:\/\/isupagro.web.uma.pt\/ciclo-de-conferencias-sobre-bioinformatica-e-analise-de-dados\/#breadcrumb","itemListElement":[{"@type":"ListItem","position":1,"name":"In\u00edcio","item":"https:\/\/isupagro.web.uma.pt\/"},{"@type":"ListItem","position":2,"name":"Ciclo de Confer\u00eancias sobre Bioinform\u00e1tica e An\u00e1lise de Dados"}]},{"@type":"WebSite","@id":"https:\/\/isupagro.web.uma.pt\/pt\/#website","url":"https:\/\/isupagro.web.uma.pt\/pt\/","name":"isUP_Agro","description":"","publisher":{"@id":"https:\/\/isupagro.web.uma.pt\/pt\/#organization"},"potentialAction":[{"@type":"SearchAction","target":{"@type":"EntryPoint","urlTemplate":"https:\/\/isupagro.web.uma.pt\/pt\/?s={search_term_string}"},"query-input":{"@type":"PropertyValueSpecification","valueRequired":true,"valueName":"search_term_string"}}],"inLanguage":"en-GB"},{"@type":"Organization","@id":"https:\/\/isupagro.web.uma.pt\/pt\/#organization","name":"isUP_Agro","url":"https:\/\/isupagro.web.uma.pt\/pt\/","logo":{"@type":"ImageObject","inLanguage":"en-GB","@id":"https:\/\/isupagro.web.uma.pt\/pt\/#\/schema\/logo\/image\/","url":"https:\/\/isupagro.web.uma.pt\/wp-content\/uploads\/2024\/10\/cropped-isUP-AgrO-v1.png","contentUrl":"https:\/\/isupagro.web.uma.pt\/wp-content\/uploads\/2024\/10\/cropped-isUP-AgrO-v1.png","width":1000,"height":249,"caption":"isUP_Agro"},"image":{"@id":"https:\/\/isupagro.web.uma.pt\/pt\/#\/schema\/logo\/image\/"},"sameAs":["https:\/\/pt.linkedin.com\/showcase\/isup-agro\/"]},{"@type":"Person","@id":"https:\/\/isupagro.web.uma.pt\/pt\/#\/schema\/person\/b816290fc350bc85f669eb8e3b3c86d6","name":"isupagro","image":{"@type":"ImageObject","inLanguage":"en-GB","@id":"https:\/\/secure.gravatar.com\/avatar\/124a2b392d9f930b57bc29837defb2cbe5c53b7656d6849d1f6a7da307d075f8?s=96&d=mm&r=g","url":"https:\/\/secure.gravatar.com\/avatar\/124a2b392d9f930b57bc29837defb2cbe5c53b7656d6849d1f6a7da307d075f8?s=96&d=mm&r=g","contentUrl":"https:\/\/secure.gravatar.com\/avatar\/124a2b392d9f930b57bc29837defb2cbe5c53b7656d6849d1f6a7da307d075f8?s=96&d=mm&r=g","caption":"isupagro"},"url":"https:\/\/isupagro.web.uma.pt\/en\/author\/isupagro\/"}]}},"_links":{"self":[{"href":"https:\/\/isupagro.web.uma.pt\/en\/wp-json\/wp\/v2\/posts\/10979","targetHints":{"allow":["GET"]}}],"collection":[{"href":"https:\/\/isupagro.web.uma.pt\/en\/wp-json\/wp\/v2\/posts"}],"about":[{"href":"https:\/\/isupagro.web.uma.pt\/en\/wp-json\/wp\/v2\/types\/post"}],"author":[{"embeddable":true,"href":"https:\/\/isupagro.web.uma.pt\/en\/wp-json\/wp\/v2\/users\/3"}],"replies":[{"embeddable":true,"href":"https:\/\/isupagro.web.uma.pt\/en\/wp-json\/wp\/v2\/comments?post=10979"}],"version-history":[{"count":1,"href":"https:\/\/isupagro.web.uma.pt\/en\/wp-json\/wp\/v2\/posts\/10979\/revisions"}],"predecessor-version":[{"id":10986,"href":"https:\/\/isupagro.web.uma.pt\/en\/wp-json\/wp\/v2\/posts\/10979\/revisions\/10986"}],"wp:featuredmedia":[{"embeddable":true,"href":"https:\/\/isupagro.web.uma.pt\/en\/wp-json\/wp\/v2\/media\/10983"}],"wp:attachment":[{"href":"https:\/\/isupagro.web.uma.pt\/en\/wp-json\/wp\/v2\/media?parent=10979"}],"wp:term":[{"taxonomy":"category","embeddable":true,"href":"https:\/\/isupagro.web.uma.pt\/en\/wp-json\/wp\/v2\/categories?post=10979"},{"taxonomy":"post_tag","embeddable":true,"href":"https:\/\/isupagro.web.uma.pt\/en\/wp-json\/wp\/v2\/tags?post=10979"}],"curies":[{"name":"wp","href":"https:\/\/api.w.org\/{rel}","templated":true}]}}