{"id":10956,"date":"2026-07-17T14:19:22","date_gmt":"2026-07-17T14:19:22","guid":{"rendered":"https:\/\/isupagro.web.uma.pt\/?p=10956"},"modified":"2026-07-17T14:19:23","modified_gmt":"2026-07-17T14:19:23","slug":"reuniao-anual-assinala-o-segundo-ano-do-projeto-isup-agro","status":"publish","type":"post","link":"https:\/\/isupagro.web.uma.pt\/en\/reuniao-anual-assinala-o-segundo-ano-do-projeto-isup-agro\/","title":{"rendered":"Annual Meeting Marks the Second Year of the isUP-AgrO Project"},"content":{"rendered":"<p>On 3 July 2026, the annual review meeting of the European project isUP-AgrO \u2013 Unlocking the Potential for Agricultural Research in an EU Outermost Region: Boosting the ISOPlexis Centre took place, marking the successful completion of the project's second year under the Horizon Europe Twinning programme.<\/p>\n\n\n\n<p>The meeting brought together all consortium partners \u2014 ISOPlexis\/University of Madeira, IRNAS-CSIC (Spain), the University of Parma (Italy), and Saturntech (Portugal) \u2014 as well as the members of the Advisory Board, whose valuable guidance has played a key role in the scientific and strategic development of the project.<\/p>\n\n\n\n<p>The meeting proved to be highly productive, providing an opportunity to review the progress achieved over the first two years and to define priorities for the final phase of the project. The agenda included an overview of the project, updates on the activities carried out within Work Packages 1 to 5, highlighting the main achievements to date, as well as an in-depth discussion of Work Package 6, focusing on the status of the research project, the key findings obtained so far, and future perspectives. The meeting concluded with the definition of the next steps, priorities, and key takeaways for the project's final year.<\/p>\n\n\n\n<p>Over the past two years, isUP-AgrO has significantly strengthened the scientific and innovation capacity of the ISOPlexis Centre, fostering international collaboration, advanced training, knowledge transfer, and the development of high-quality research in the fields of Sustainable Agriculture and Food Technology.<\/p>\n\n\n\n<p>As the project enters its third and final year, activities will focus primarily on fieldwork, data analysis, and the reinforcement of dissemination and communication activities, further enhancing the project's scientific and societal impact.<\/p>\n\n\n\n<p>The consortium would like to express its sincere appreciation to all researchers, technicians, students, partners, and Advisory Board members for their commitment and dedication throughout the project. Their continued support has been instrumental to the success of isUP-AgrO. Together, we continue to strengthen research and innovation in the Autonomous Region of Madeira, further establishing ISOPlexis as a European reference centre in Sustainable Agriculture and Food Technology.<\/p>\n\n\n\n<figure class=\"wp-block-image size-full\"><img fetchpriority=\"high\" decoding=\"async\" width=\"1021\" height=\"518\" src=\"https:\/\/isupagro.web.uma.pt\/wp-content\/uploads\/2026\/07\/2.png\" alt=\"\" class=\"wp-image-10958\" srcset=\"https:\/\/isupagro.web.uma.pt\/wp-content\/uploads\/2026\/07\/2.png 1021w, https:\/\/isupagro.web.uma.pt\/wp-content\/uploads\/2026\/07\/2-300x152.png 300w, https:\/\/isupagro.web.uma.pt\/wp-content\/uploads\/2026\/07\/2-768x390.png 768w, https:\/\/isupagro.web.uma.pt\/wp-content\/uploads\/2026\/07\/2-18x9.png 18w\" sizes=\"(max-width: 1021px) 100vw, 1021px\" \/><\/figure>\n\n\n\n<figure class=\"wp-block-image size-large\"><img decoding=\"async\" width=\"1024\" height=\"572\" src=\"https:\/\/isupagro.web.uma.pt\/wp-content\/uploads\/2026\/07\/Captura-de-ecra-2026-07-03-as-11.35.21-1024x572.png\" alt=\"\" class=\"wp-image-10959\" srcset=\"https:\/\/isupagro.web.uma.pt\/wp-content\/uploads\/2026\/07\/Captura-de-ecra-2026-07-03-as-11.35.21-1024x572.png 1024w, https:\/\/isupagro.web.uma.pt\/wp-content\/uploads\/2026\/07\/Captura-de-ecra-2026-07-03-as-11.35.21-300x168.png 300w, https:\/\/isupagro.web.uma.pt\/wp-content\/uploads\/2026\/07\/Captura-de-ecra-2026-07-03-as-11.35.21-768x429.png 768w, https:\/\/isupagro.web.uma.pt\/wp-content\/uploads\/2026\/07\/Captura-de-ecra-2026-07-03-as-11.35.21-1536x859.png 1536w, https:\/\/isupagro.web.uma.pt\/wp-content\/uploads\/2026\/07\/Captura-de-ecra-2026-07-03-as-11.35.21-2048x1145.png 2048w, https:\/\/isupagro.web.uma.pt\/wp-content\/uploads\/2026\/07\/Captura-de-ecra-2026-07-03-as-11.35.21-18x10.png 18w\" sizes=\"(max-width: 1024px) 100vw, 1024px\" \/><\/figure>\n\n\n\n<figure class=\"wp-block-image size-large\"><img decoding=\"async\" width=\"1024\" height=\"599\" src=\"https:\/\/isupagro.web.uma.pt\/wp-content\/uploads\/2026\/07\/Captura-de-ecra-2026-07-03-as-11.36.40-1024x599.png\" alt=\"\" class=\"wp-image-10960\" srcset=\"https:\/\/isupagro.web.uma.pt\/wp-content\/uploads\/2026\/07\/Captura-de-ecra-2026-07-03-as-11.36.40-1024x599.png 1024w, https:\/\/isupagro.web.uma.pt\/wp-content\/uploads\/2026\/07\/Captura-de-ecra-2026-07-03-as-11.36.40-300x176.png 300w, https:\/\/isupagro.web.uma.pt\/wp-content\/uploads\/2026\/07\/Captura-de-ecra-2026-07-03-as-11.36.40-768x449.png 768w, https:\/\/isupagro.web.uma.pt\/wp-content\/uploads\/2026\/07\/Captura-de-ecra-2026-07-03-as-11.36.40-1536x899.png 1536w, https:\/\/isupagro.web.uma.pt\/wp-content\/uploads\/2026\/07\/Captura-de-ecra-2026-07-03-as-11.36.40-2048x1198.png 2048w, https:\/\/isupagro.web.uma.pt\/wp-content\/uploads\/2026\/07\/Captura-de-ecra-2026-07-03-as-11.36.40-18x12.png 18w\" sizes=\"(max-width: 1024px) 100vw, 1024px\" \/><\/figure>\n\n\n\n<p><\/p>","protected":false},"excerpt":{"rendered":"<p>No passado dia 3 de julho de 2026, realizou-se a reuni\u00e3o anual de acompanhamento do projeto europeu isUP-AgrO \u2013 Unlocking the Potential for Agricultural Research in an EU Outermost Region: boosting the ISOPlexis centre, assinalando a conclus\u00e3o do segundo ano deste projeto financiado pelo programa Horizon Europe Twinning. A reuni\u00e3o contou com a participa\u00e7\u00e3o de [&hellip;]<\/p>\n","protected":false},"author":3,"featured_media":10957,"comment_status":"closed","ping_status":"closed","sticky":false,"template":"","format":"standard","meta":{"footnotes":""},"categories":[32,37],"tags":[],"class_list":["post-10956","post","type-post","status-publish","format-standard","has-post-thumbnail","hentry","category-atividades","category-comunicacoes-e-disseminacao"],"yoast_head":"<!-- This site is optimized with the Yoast SEO plugin v27.2 - https:\/\/yoast.com\/product\/yoast-seo-wordpress\/ -->\n<title>Reuni\u00e3o Anual assinala o segundo ano do projeto isUP-AgrO - isUP_Agro<\/title>\n<meta name=\"robots\" content=\"index, follow, max-snippet:-1, max-image-preview:large, max-video-preview:-1\" \/>\n<link rel=\"canonical\" href=\"https:\/\/isupagro.web.uma.pt\/en\/reuniao-anual-assinala-o-segundo-ano-do-projeto-isup-agro\/\" \/>\n<meta property=\"og:locale\" content=\"en_GB\" \/>\n<meta property=\"og:type\" content=\"article\" \/>\n<meta property=\"og:title\" content=\"Reuni\u00e3o Anual assinala o segundo ano do projeto isUP-AgrO - isUP_Agro\" \/>\n<meta property=\"og:description\" content=\"No passado dia 3 de julho de 2026, realizou-se a reuni\u00e3o anual de acompanhamento do projeto europeu isUP-AgrO \u2013 Unlocking the Potential for Agricultural Research in an EU Outermost Region: boosting the ISOPlexis centre, assinalando a conclus\u00e3o do segundo ano deste projeto financiado pelo programa Horizon Europe Twinning. A reuni\u00e3o contou com a participa\u00e7\u00e3o de [&hellip;]\" \/>\n<meta property=\"og:url\" content=\"https:\/\/isupagro.web.uma.pt\/en\/reuniao-anual-assinala-o-segundo-ano-do-projeto-isup-agro\/\" \/>\n<meta property=\"og:site_name\" content=\"isUP_Agro\" \/>\n<meta property=\"article:published_time\" content=\"2026-07-17T14:19:22+00:00\" \/>\n<meta property=\"article:modified_time\" content=\"2026-07-17T14:19:23+00:00\" \/>\n<meta property=\"og:image\" content=\"https:\/\/isupagro.web.uma.pt\/wp-content\/uploads\/2026\/07\/Destaque-1024x565.png\" \/>\n\t<meta property=\"og:image:width\" content=\"1024\" \/>\n\t<meta property=\"og:image:height\" content=\"565\" \/>\n\t<meta property=\"og:image:type\" content=\"image\/png\" \/>\n<meta name=\"author\" content=\"isupagro\" \/>\n<meta name=\"twitter:card\" content=\"summary_large_image\" \/>\n<meta name=\"twitter:label1\" content=\"Written by\" \/>\n\t<meta name=\"twitter:data1\" content=\"isupagro\" \/>\n\t<meta name=\"twitter:label2\" content=\"Estimated reading time\" \/>\n\t<meta name=\"twitter:data2\" content=\"3 minutes\" \/>\n<script type=\"application\/ld+json\" class=\"yoast-schema-graph\">{\"@context\":\"https:\/\/schema.org\",\"@graph\":[{\"@type\":\"Article\",\"@id\":\"https:\/\/isupagro.web.uma.pt\/reuniao-anual-assinala-o-segundo-ano-do-projeto-isup-agro\/#article\",\"isPartOf\":{\"@id\":\"https:\/\/isupagro.web.uma.pt\/reuniao-anual-assinala-o-segundo-ano-do-projeto-isup-agro\/\"},\"author\":{\"name\":\"isupagro\",\"@id\":\"https:\/\/isupagro.web.uma.pt\/pt\/#\/schema\/person\/b816290fc350bc85f669eb8e3b3c86d6\"},\"headline\":\"Reuni\u00e3o Anual assinala o segundo ano do projeto isUP-AgrO\",\"datePublished\":\"2026-07-17T14:19:22+00:00\",\"dateModified\":\"2026-07-17T14:19:23+00:00\",\"mainEntityOfPage\":{\"@id\":\"https:\/\/isupagro.web.uma.pt\/reuniao-anual-assinala-o-segundo-ano-do-projeto-isup-agro\/\"},\"wordCount\":391,\"publisher\":{\"@id\":\"https:\/\/isupagro.web.uma.pt\/pt\/#organization\"},\"image\":{\"@id\":\"https:\/\/isupagro.web.uma.pt\/reuniao-anual-assinala-o-segundo-ano-do-projeto-isup-agro\/#primaryimage\"},\"thumbnailUrl\":\"https:\/\/isupagro.web.uma.pt\/wp-content\/uploads\/2026\/07\/Destaque-scaled.png\",\"articleSection\":[\"Atividades\",\"Comunica\u00e7\u00f5es e Dissemina\u00e7\u00e3o\"],\"inLanguage\":\"en-GB\"},{\"@type\":\"WebPage\",\"@id\":\"https:\/\/isupagro.web.uma.pt\/reuniao-anual-assinala-o-segundo-ano-do-projeto-isup-agro\/\",\"url\":\"https:\/\/isupagro.web.uma.pt\/reuniao-anual-assinala-o-segundo-ano-do-projeto-isup-agro\/\",\"name\":\"Reuni\u00e3o Anual assinala o segundo ano do projeto isUP-AgrO - isUP_Agro\",\"isPartOf\":{\"@id\":\"https:\/\/isupagro.web.uma.pt\/pt\/#website\"},\"primaryImageOfPage\":{\"@id\":\"https:\/\/isupagro.web.uma.pt\/reuniao-anual-assinala-o-segundo-ano-do-projeto-isup-agro\/#primaryimage\"},\"image\":{\"@id\":\"https:\/\/isupagro.web.uma.pt\/reuniao-anual-assinala-o-segundo-ano-do-projeto-isup-agro\/#primaryimage\"},\"thumbnailUrl\":\"https:\/\/isupagro.web.uma.pt\/wp-content\/uploads\/2026\/07\/Destaque-scaled.png\",\"datePublished\":\"2026-07-17T14:19:22+00:00\",\"dateModified\":\"2026-07-17T14:19:23+00:00\",\"breadcrumb\":{\"@id\":\"https:\/\/isupagro.web.uma.pt\/reuniao-anual-assinala-o-segundo-ano-do-projeto-isup-agro\/#breadcrumb\"},\"inLanguage\":\"en-GB\",\"potentialAction\":[{\"@type\":\"ReadAction\",\"target\":[\"https:\/\/isupagro.web.uma.pt\/reuniao-anual-assinala-o-segundo-ano-do-projeto-isup-agro\/\"]}]},{\"@type\":\"ImageObject\",\"inLanguage\":\"en-GB\",\"@id\":\"https:\/\/isupagro.web.uma.pt\/reuniao-anual-assinala-o-segundo-ano-do-projeto-isup-agro\/#primaryimage\",\"url\":\"https:\/\/isupagro.web.uma.pt\/wp-content\/uploads\/2026\/07\/Destaque-scaled.png\",\"contentUrl\":\"https:\/\/isupagro.web.uma.pt\/wp-content\/uploads\/2026\/07\/Destaque-scaled.png\",\"width\":2560,\"height\":1412},{\"@type\":\"BreadcrumbList\",\"@id\":\"https:\/\/isupagro.web.uma.pt\/reuniao-anual-assinala-o-segundo-ano-do-projeto-isup-agro\/#breadcrumb\",\"itemListElement\":[{\"@type\":\"ListItem\",\"position\":1,\"name\":\"In\u00edcio\",\"item\":\"https:\/\/isupagro.web.uma.pt\/\"},{\"@type\":\"ListItem\",\"position\":2,\"name\":\"Reuni\u00e3o Anual assinala o segundo ano do projeto isUP-AgrO\"}]},{\"@type\":\"WebSite\",\"@id\":\"https:\/\/isupagro.web.uma.pt\/pt\/#website\",\"url\":\"https:\/\/isupagro.web.uma.pt\/pt\/\",\"name\":\"isUP_Agro\",\"description\":\"\",\"publisher\":{\"@id\":\"https:\/\/isupagro.web.uma.pt\/pt\/#organization\"},\"potentialAction\":[{\"@type\":\"SearchAction\",\"target\":{\"@type\":\"EntryPoint\",\"urlTemplate\":\"https:\/\/isupagro.web.uma.pt\/pt\/?s={search_term_string}\"},\"query-input\":{\"@type\":\"PropertyValueSpecification\",\"valueRequired\":true,\"valueName\":\"search_term_string\"}}],\"inLanguage\":\"en-GB\"},{\"@type\":\"Organization\",\"@id\":\"https:\/\/isupagro.web.uma.pt\/pt\/#organization\",\"name\":\"isUP_Agro\",\"url\":\"https:\/\/isupagro.web.uma.pt\/pt\/\",\"logo\":{\"@type\":\"ImageObject\",\"inLanguage\":\"en-GB\",\"@id\":\"https:\/\/isupagro.web.uma.pt\/pt\/#\/schema\/logo\/image\/\",\"url\":\"https:\/\/isupagro.web.uma.pt\/wp-content\/uploads\/2024\/10\/cropped-isUP-AgrO-v1.png\",\"contentUrl\":\"https:\/\/isupagro.web.uma.pt\/wp-content\/uploads\/2024\/10\/cropped-isUP-AgrO-v1.png\",\"width\":1000,\"height\":249,\"caption\":\"isUP_Agro\"},\"image\":{\"@id\":\"https:\/\/isupagro.web.uma.pt\/pt\/#\/schema\/logo\/image\/\"},\"sameAs\":[\"https:\/\/pt.linkedin.com\/showcase\/isup-agro\/\"]},{\"@type\":\"Person\",\"@id\":\"https:\/\/isupagro.web.uma.pt\/pt\/#\/schema\/person\/b816290fc350bc85f669eb8e3b3c86d6\",\"name\":\"isupagro\",\"image\":{\"@type\":\"ImageObject\",\"inLanguage\":\"en-GB\",\"@id\":\"https:\/\/secure.gravatar.com\/avatar\/124a2b392d9f930b57bc29837defb2cbe5c53b7656d6849d1f6a7da307d075f8?s=96&d=mm&r=g\",\"url\":\"https:\/\/secure.gravatar.com\/avatar\/124a2b392d9f930b57bc29837defb2cbe5c53b7656d6849d1f6a7da307d075f8?s=96&d=mm&r=g\",\"contentUrl\":\"https:\/\/secure.gravatar.com\/avatar\/124a2b392d9f930b57bc29837defb2cbe5c53b7656d6849d1f6a7da307d075f8?s=96&d=mm&r=g\",\"caption\":\"isupagro\"},\"url\":\"https:\/\/isupagro.web.uma.pt\/en\/author\/isupagro\/\"}]}<\/script>\n<!-- \/ Yoast SEO plugin. -->","yoast_head_json":{"title":"Reuni\u00e3o Anual assinala o segundo ano do projeto isUP-AgrO - isUP_Agro","robots":{"index":"index","follow":"follow","max-snippet":"max-snippet:-1","max-image-preview":"max-image-preview:large","max-video-preview":"max-video-preview:-1"},"canonical":"https:\/\/isupagro.web.uma.pt\/en\/reuniao-anual-assinala-o-segundo-ano-do-projeto-isup-agro\/","og_locale":"en_GB","og_type":"article","og_title":"Reuni\u00e3o Anual assinala o segundo ano do projeto isUP-AgrO - isUP_Agro","og_description":"No passado dia 3 de julho de 2026, realizou-se a reuni\u00e3o anual de acompanhamento do projeto europeu isUP-AgrO \u2013 Unlocking the Potential for Agricultural Research in an EU Outermost Region: boosting the ISOPlexis centre, assinalando a conclus\u00e3o do segundo ano deste projeto financiado pelo programa Horizon Europe Twinning. A reuni\u00e3o contou com a participa\u00e7\u00e3o de [&hellip;]","og_url":"https:\/\/isupagro.web.uma.pt\/en\/reuniao-anual-assinala-o-segundo-ano-do-projeto-isup-agro\/","og_site_name":"isUP_Agro","article_published_time":"2026-07-17T14:19:22+00:00","article_modified_time":"2026-07-17T14:19:23+00:00","og_image":[{"width":1024,"height":565,"url":"https:\/\/isupagro.web.uma.pt\/wp-content\/uploads\/2026\/07\/Destaque-1024x565.png","type":"image\/png"}],"author":"isupagro","twitter_card":"summary_large_image","twitter_misc":{"Written by":"isupagro","Estimated reading time":"3 minutes"},"schema":{"@context":"https:\/\/schema.org","@graph":[{"@type":"Article","@id":"https:\/\/isupagro.web.uma.pt\/reuniao-anual-assinala-o-segundo-ano-do-projeto-isup-agro\/#article","isPartOf":{"@id":"https:\/\/isupagro.web.uma.pt\/reuniao-anual-assinala-o-segundo-ano-do-projeto-isup-agro\/"},"author":{"name":"isupagro","@id":"https:\/\/isupagro.web.uma.pt\/pt\/#\/schema\/person\/b816290fc350bc85f669eb8e3b3c86d6"},"headline":"Reuni\u00e3o Anual assinala o segundo ano do projeto isUP-AgrO","datePublished":"2026-07-17T14:19:22+00:00","dateModified":"2026-07-17T14:19:23+00:00","mainEntityOfPage":{"@id":"https:\/\/isupagro.web.uma.pt\/reuniao-anual-assinala-o-segundo-ano-do-projeto-isup-agro\/"},"wordCount":391,"publisher":{"@id":"https:\/\/isupagro.web.uma.pt\/pt\/#organization"},"image":{"@id":"https:\/\/isupagro.web.uma.pt\/reuniao-anual-assinala-o-segundo-ano-do-projeto-isup-agro\/#primaryimage"},"thumbnailUrl":"https:\/\/isupagro.web.uma.pt\/wp-content\/uploads\/2026\/07\/Destaque-scaled.png","articleSection":["Atividades","Comunica\u00e7\u00f5es e Dissemina\u00e7\u00e3o"],"inLanguage":"en-GB"},{"@type":"WebPage","@id":"https:\/\/isupagro.web.uma.pt\/reuniao-anual-assinala-o-segundo-ano-do-projeto-isup-agro\/","url":"https:\/\/isupagro.web.uma.pt\/reuniao-anual-assinala-o-segundo-ano-do-projeto-isup-agro\/","name":"Reuni\u00e3o Anual assinala o segundo ano do projeto isUP-AgrO - isUP_Agro","isPartOf":{"@id":"https:\/\/isupagro.web.uma.pt\/pt\/#website"},"primaryImageOfPage":{"@id":"https:\/\/isupagro.web.uma.pt\/reuniao-anual-assinala-o-segundo-ano-do-projeto-isup-agro\/#primaryimage"},"image":{"@id":"https:\/\/isupagro.web.uma.pt\/reuniao-anual-assinala-o-segundo-ano-do-projeto-isup-agro\/#primaryimage"},"thumbnailUrl":"https:\/\/isupagro.web.uma.pt\/wp-content\/uploads\/2026\/07\/Destaque-scaled.png","datePublished":"2026-07-17T14:19:22+00:00","dateModified":"2026-07-17T14:19:23+00:00","breadcrumb":{"@id":"https:\/\/isupagro.web.uma.pt\/reuniao-anual-assinala-o-segundo-ano-do-projeto-isup-agro\/#breadcrumb"},"inLanguage":"en-GB","potentialAction":[{"@type":"ReadAction","target":["https:\/\/isupagro.web.uma.pt\/reuniao-anual-assinala-o-segundo-ano-do-projeto-isup-agro\/"]}]},{"@type":"ImageObject","inLanguage":"en-GB","@id":"https:\/\/isupagro.web.uma.pt\/reuniao-anual-assinala-o-segundo-ano-do-projeto-isup-agro\/#primaryimage","url":"https:\/\/isupagro.web.uma.pt\/wp-content\/uploads\/2026\/07\/Destaque-scaled.png","contentUrl":"https:\/\/isupagro.web.uma.pt\/wp-content\/uploads\/2026\/07\/Destaque-scaled.png","width":2560,"height":1412},{"@type":"BreadcrumbList","@id":"https:\/\/isupagro.web.uma.pt\/reuniao-anual-assinala-o-segundo-ano-do-projeto-isup-agro\/#breadcrumb","itemListElement":[{"@type":"ListItem","position":1,"name":"In\u00edcio","item":"https:\/\/isupagro.web.uma.pt\/"},{"@type":"ListItem","position":2,"name":"Reuni\u00e3o Anual assinala o segundo ano do projeto isUP-AgrO"}]},{"@type":"WebSite","@id":"https:\/\/isupagro.web.uma.pt\/pt\/#website","url":"https:\/\/isupagro.web.uma.pt\/pt\/","name":"isUP_Agro","description":"","publisher":{"@id":"https:\/\/isupagro.web.uma.pt\/pt\/#organization"},"potentialAction":[{"@type":"SearchAction","target":{"@type":"EntryPoint","urlTemplate":"https:\/\/isupagro.web.uma.pt\/pt\/?s={search_term_string}"},"query-input":{"@type":"PropertyValueSpecification","valueRequired":true,"valueName":"search_term_string"}}],"inLanguage":"en-GB"},{"@type":"Organization","@id":"https:\/\/isupagro.web.uma.pt\/pt\/#organization","name":"isUP_Agro","url":"https:\/\/isupagro.web.uma.pt\/pt\/","logo":{"@type":"ImageObject","inLanguage":"en-GB","@id":"https:\/\/isupagro.web.uma.pt\/pt\/#\/schema\/logo\/image\/","url":"https:\/\/isupagro.web.uma.pt\/wp-content\/uploads\/2024\/10\/cropped-isUP-AgrO-v1.png","contentUrl":"https:\/\/isupagro.web.uma.pt\/wp-content\/uploads\/2024\/10\/cropped-isUP-AgrO-v1.png","width":1000,"height":249,"caption":"isUP_Agro"},"image":{"@id":"https:\/\/isupagro.web.uma.pt\/pt\/#\/schema\/logo\/image\/"},"sameAs":["https:\/\/pt.linkedin.com\/showcase\/isup-agro\/"]},{"@type":"Person","@id":"https:\/\/isupagro.web.uma.pt\/pt\/#\/schema\/person\/b816290fc350bc85f669eb8e3b3c86d6","name":"isupagro","image":{"@type":"ImageObject","inLanguage":"en-GB","@id":"https:\/\/secure.gravatar.com\/avatar\/124a2b392d9f930b57bc29837defb2cbe5c53b7656d6849d1f6a7da307d075f8?s=96&d=mm&r=g","url":"https:\/\/secure.gravatar.com\/avatar\/124a2b392d9f930b57bc29837defb2cbe5c53b7656d6849d1f6a7da307d075f8?s=96&d=mm&r=g","contentUrl":"https:\/\/secure.gravatar.com\/avatar\/124a2b392d9f930b57bc29837defb2cbe5c53b7656d6849d1f6a7da307d075f8?s=96&d=mm&r=g","caption":"isupagro"},"url":"https:\/\/isupagro.web.uma.pt\/en\/author\/isupagro\/"}]}},"_links":{"self":[{"href":"https:\/\/isupagro.web.uma.pt\/en\/wp-json\/wp\/v2\/posts\/10956","targetHints":{"allow":["GET"]}}],"collection":[{"href":"https:\/\/isupagro.web.uma.pt\/en\/wp-json\/wp\/v2\/posts"}],"about":[{"href":"https:\/\/isupagro.web.uma.pt\/en\/wp-json\/wp\/v2\/types\/post"}],"author":[{"embeddable":true,"href":"https:\/\/isupagro.web.uma.pt\/en\/wp-json\/wp\/v2\/users\/3"}],"replies":[{"embeddable":true,"href":"https:\/\/isupagro.web.uma.pt\/en\/wp-json\/wp\/v2\/comments?post=10956"}],"version-history":[{"count":1,"href":"https:\/\/isupagro.web.uma.pt\/en\/wp-json\/wp\/v2\/posts\/10956\/revisions"}],"predecessor-version":[{"id":10961,"href":"https:\/\/isupagro.web.uma.pt\/en\/wp-json\/wp\/v2\/posts\/10956\/revisions\/10961"}],"wp:featuredmedia":[{"embeddable":true,"href":"https:\/\/isupagro.web.uma.pt\/en\/wp-json\/wp\/v2\/media\/10957"}],"wp:attachment":[{"href":"https:\/\/isupagro.web.uma.pt\/en\/wp-json\/wp\/v2\/media?parent=10956"}],"wp:term":[{"taxonomy":"category","embeddable":true,"href":"https:\/\/isupagro.web.uma.pt\/en\/wp-json\/wp\/v2\/categories?post=10956"},{"taxonomy":"post_tag","embeddable":true,"href":"https:\/\/isupagro.web.uma.pt\/en\/wp-json\/wp\/v2\/tags?post=10956"}],"curies":[{"name":"wp","href":"https:\/\/api.w.org\/{rel}","templated":true}]}}